{"id":26745,"date":"2019-07-26T15:26:08","date_gmt":"2019-07-26T13:26:08","guid":{"rendered":"https:\/\/www.musapietrasanta.it\/?p=26745"},"modified":"2020-11-19T09:43:21","modified_gmt":"2020-11-19T08:43:21","slug":"alvise-lazzareschi-cavatore-e-scrittore-racconti","status":"publish","type":"post","link":"https:\/\/musapietrasanta.it\/en\/alvise-lazzareschi-cavatore-e-scrittore-racconti\/","title":{"rendered":"Alvise Lazzareschi | Cavatore e scrittore | Racconti"},"content":{"rendered":"<p>In un&#8217;intervista condotta da <em>Stefano De Franceschi<\/em> del <strong>Consorzio CosMaVe<\/strong>, <strong><em>Alvise Lazzereschi<\/em><\/strong>, cavatore da oltre trent\u2019anni nel bacino di Colonnata, nonch\u00e9 scrittore del libro <strong><em>\u201cLa casa del colonnello\u201d<\/em><\/strong>, romanzo autobiografico, <em>edito da Rizzoli<\/em>, ci parler\u00e0 di s\u00e8 e della sua storia. Render\u00e0 omaggio ai monti Apuani, ai paesi, alla gente del posto e ai cavatori, di cui narra la fatica, la determinazione e la passione.<\/p>\n<p>Nei suoi racconti si esprime il tributo alla figura professionale del cavatore e al lavoro nelle cave, agli sforzi e ai rischi che lo stesso inevitabilmente comporta. Ai cambiamenti che con il tempo ci sono stati, alla tecnologia che se da un lato ha reso il lavoro meno pesante non ha snellito il fattore pericolo. E ancora la montagna, il forte legame con il territorio , la storia. Aneddoti e ricordi ed il suo originale e personale quantificare la vita &#8220;a tonnellate&#8221;. Sar\u00e0 lo stesso Alvise a raccontarci cosa significa.<\/p>\n<p><em>Venerd\u00ec 9 agosto ore 21:30<\/em><br \/>\n<em>Ingresso libero.<\/em><\/p>\n<p>L&#8217;incontro \u00e8 inserito all\u2019interno della mostra attualmente in corso al MuSA, dal titolo <strong>\u201cTransit. Il trasporto del marmo\u201d,<em>\u00a0di Marco Mazzi<\/em><\/strong>, in programma fino al 25 agosto, dal gioved\u00ec alla domenica ore 19:00-24:00.<\/p>\n<p><em>Seguir\u00e0 il 18 agosto l\u2019appuntamento &#8220;Dai 6 buoi ai 500 cavalli&#8221;, incontro con Francesco Battistini, storico, e Antonio Giannini, guidatore di tir del marmo.<\/em><\/p>\n<p>ph Stefano De Franceschi<\/p>\n<p><a href=\"https:\/\/www.musapietrasanta.it\/alvise-lazzareschi-cavatore-e-scrittore-racconti\/articolo-versilia-produce\/\" rel=\"attachment wp-att-26748\"><img loading=\"lazy\" decoding=\"async\" class=\"alignleft size-thumbnail wp-image-26748\" src=\"https:\/\/www.musapietrasanta.it\/wp-content\/uploads\/2019\/07\/articolo-versilia-produce-150x150.jpeg\" alt=\"\" width=\"150\" height=\"150\" \/><\/a> <a href=\"https:\/\/www.musapietrasanta.it\/alvise-lazzareschi-cavatore-e-scrittore-racconti\/img-20190716-wa0004\/\" rel=\"attachment wp-att-26746\"><img loading=\"lazy\" decoding=\"async\" class=\"alignleft size-thumbnail wp-image-26746\" src=\"https:\/\/www.musapietrasanta.it\/wp-content\/uploads\/2019\/07\/img-20190716-wa0004-150x150.jpg\" alt=\"\" width=\"150\" height=\"150\" srcset=\"https:\/\/musapietrasanta.it\/wp-content\/uploads\/2019\/07\/img-20190716-wa0004-150x150.jpg 150w, https:\/\/musapietrasanta.it\/wp-content\/uploads\/2019\/07\/img-20190716-wa0004-266x266.jpg 266w\" sizes=\"auto, (max-width: 150px) 100vw, 150px\" \/><\/a><\/p>\n<p>&nbsp;<\/p>\n<p>&nbsp;<\/p>\n<p>&nbsp;<\/p>\n<p>&nbsp;<\/p>\n<p>&nbsp;<\/p>\n<p><em><strong>Galleria fotografica<\/strong><\/em><\/p>\n\n\t\t<style type=\"text\/css\">\n\t\t\t#gallery-1 {\n\t\t\t\tmargin: auto;\n\t\t\t}\n\t\t\t#gallery-1 .gallery-item {\n\t\t\t\tfloat: left;\n\t\t\t\tmargin-top: 10px;\n\t\t\t\ttext-align: center;\n\t\t\t\twidth: 14%;\n\t\t\t}\n\t\t\t#gallery-1 img {\n\t\t\t\tborder: 2px solid #cfcfcf;\n\t\t\t}\n\t\t\t#gallery-1 .gallery-caption {\n\t\t\t\tmargin-left: 0;\n\t\t\t}\n\t\t\t\/* see gallery_shortcode() in wp-includes\/media.php *\/\n\t\t<\/style>\n\t\t<div id='gallery-1' class='gallery galleryid-26745 gallery-columns-7 gallery-size-thumbnail'><dl class='gallery-item'>\n\t\t\t<dt class='gallery-icon landscape'>\n\t\t\t\t<a href='https:\/\/musapietrasanta.it\/en\/musa_9-agosto-2\/'><img loading=\"lazy\" decoding=\"async\" width=\"150\" height=\"150\" src=\"https:\/\/musapietrasanta.it\/wp-content\/uploads\/2019\/07\/musa_9-agosto-150x150.png\" class=\"attachment-thumbnail size-thumbnail\" alt=\"\" itemprop=\"image\" \/><\/a>\n\t\t\t<\/dt><\/dl><dl class='gallery-item'>\n\t\t\t<dt class='gallery-icon landscape'>\n\t\t\t\t<a href='https:\/\/musapietrasanta.it\/en\/img_1228-2\/'><img loading=\"lazy\" decoding=\"async\" width=\"150\" height=\"150\" src=\"https:\/\/musapietrasanta.it\/wp-content\/uploads\/2019\/09\/img_1228-150x150.jpg\" class=\"attachment-thumbnail size-thumbnail\" alt=\"\" itemprop=\"image\" \/><\/a>\n\t\t\t<\/dt><\/dl><dl class='gallery-item'>\n\t\t\t<dt class='gallery-icon landscape'>\n\t\t\t\t<a href='https:\/\/musapietrasanta.it\/en\/bbnj6122-2\/'><img loading=\"lazy\" decoding=\"async\" width=\"150\" height=\"150\" src=\"https:\/\/musapietrasanta.it\/wp-content\/uploads\/2019\/09\/bbnj6122-150x150.jpg\" class=\"attachment-thumbnail size-thumbnail\" alt=\"\" itemprop=\"image\" \/><\/a>\n\t\t\t<\/dt><\/dl><dl class='gallery-item'>\n\t\t\t<dt class='gallery-icon landscape'>\n\t\t\t\t<a href='https:\/\/musapietrasanta.it\/en\/img_1227-2\/'><img loading=\"lazy\" decoding=\"async\" width=\"150\" height=\"150\" src=\"https:\/\/musapietrasanta.it\/wp-content\/uploads\/2019\/09\/img_1227-150x150.jpg\" class=\"attachment-thumbnail size-thumbnail\" alt=\"\" itemprop=\"image\" \/><\/a>\n\t\t\t<\/dt><\/dl><dl class='gallery-item'>\n\t\t\t<dt class='gallery-icon landscape'>\n\t\t\t\t<a href='https:\/\/musapietrasanta.it\/en\/img-20190807-wa0008-2\/'><img loading=\"lazy\" decoding=\"async\" width=\"150\" height=\"150\" src=\"https:\/\/musapietrasanta.it\/wp-content\/uploads\/2019\/09\/img-20190807-wa0008-150x150.jpg\" class=\"attachment-thumbnail size-thumbnail\" alt=\"\" itemprop=\"image\" \/><\/a>\n\t\t\t<\/dt><\/dl><dl class='gallery-item'>\n\t\t\t<dt class='gallery-icon landscape'>\n\t\t\t\t<a href='https:\/\/musapietrasanta.it\/en\/hkjq5794-2\/'><img loading=\"lazy\" decoding=\"async\" width=\"150\" height=\"150\" src=\"https:\/\/musapietrasanta.it\/wp-content\/uploads\/2019\/09\/hkjq5794-150x150.jpg\" class=\"attachment-thumbnail size-thumbnail\" alt=\"\" itemprop=\"image\" \/><\/a>\n\t\t\t<\/dt><\/dl><dl class='gallery-item'>\n\t\t\t<dt class='gallery-icon portrait'>\n\t\t\t\t<a href='https:\/\/musapietrasanta.it\/en\/img_1224-2\/'><img loading=\"lazy\" decoding=\"async\" width=\"150\" height=\"150\" src=\"https:\/\/musapietrasanta.it\/wp-content\/uploads\/2019\/09\/img_1224-150x150.jpg\" class=\"attachment-thumbnail size-thumbnail\" alt=\"\" itemprop=\"image\" \/><\/a>\n\t\t\t<\/dt><\/dl><br style=\"clear: both\" \/><dl class='gallery-item'>\n\t\t\t<dt class='gallery-icon landscape'>\n\t\t\t\t<a href='https:\/\/musapietrasanta.it\/en\/img_1226-2\/'><img loading=\"lazy\" decoding=\"async\" width=\"150\" height=\"150\" src=\"https:\/\/musapietrasanta.it\/wp-content\/uploads\/2019\/09\/img_1226-150x150.jpg\" class=\"attachment-thumbnail size-thumbnail\" alt=\"\" itemprop=\"image\" \/><\/a>\n\t\t\t<\/dt><\/dl><dl class='gallery-item'>\n\t\t\t<dt class='gallery-icon landscape'>\n\t\t\t\t<a href='https:\/\/musapietrasanta.it\/en\/img_1229-2\/'><img loading=\"lazy\" decoding=\"async\" width=\"150\" height=\"150\" src=\"https:\/\/musapietrasanta.it\/wp-content\/uploads\/2019\/09\/img_1229-150x150.jpg\" class=\"attachment-thumbnail size-thumbnail\" alt=\"\" itemprop=\"image\" \/><\/a>\n\t\t\t<\/dt><\/dl><dl class='gallery-item'>\n\t\t\t<dt class='gallery-icon landscape'>\n\t\t\t\t<a href='https:\/\/musapietrasanta.it\/en\/img_1232-2\/'><img loading=\"lazy\" decoding=\"async\" width=\"150\" height=\"150\" src=\"https:\/\/musapietrasanta.it\/wp-content\/uploads\/2019\/09\/img_1232-150x150.jpg\" class=\"attachment-thumbnail size-thumbnail\" alt=\"\" itemprop=\"image\" \/><\/a>\n\t\t\t<\/dt><\/dl><dl class='gallery-item'>\n\t\t\t<dt class='gallery-icon portrait'>\n\t\t\t\t<a href='https:\/\/musapietrasanta.it\/en\/img_1225-2\/'><img loading=\"lazy\" decoding=\"async\" width=\"150\" height=\"150\" src=\"https:\/\/musapietrasanta.it\/wp-content\/uploads\/2019\/09\/img_1225-150x150.jpg\" class=\"attachment-thumbnail size-thumbnail\" alt=\"\" itemprop=\"image\" \/><\/a>\n\t\t\t<\/dt><\/dl><dl class='gallery-item'>\n\t\t\t<dt class='gallery-icon landscape'>\n\t\t\t\t<a href='https:\/\/musapietrasanta.it\/en\/uhud8618-2\/'><img loading=\"lazy\" decoding=\"async\" width=\"150\" height=\"150\" src=\"https:\/\/musapietrasanta.it\/wp-content\/uploads\/2019\/09\/uhud8618-150x150.jpg\" class=\"attachment-thumbnail size-thumbnail\" alt=\"\" itemprop=\"image\" \/><\/a>\n\t\t\t<\/dt><\/dl><dl class='gallery-item'>\n\t\t\t<dt class='gallery-icon portrait'>\n\t\t\t\t<a href='https:\/\/musapietrasanta.it\/en\/idxr1610-2\/'><img loading=\"lazy\" decoding=\"async\" width=\"150\" height=\"150\" src=\"https:\/\/musapietrasanta.it\/wp-content\/uploads\/2019\/07\/idxr1610-150x150.jpg\" class=\"attachment-thumbnail size-thumbnail\" alt=\"\" itemprop=\"image\" \/><\/a>\n\t\t\t<\/dt><\/dl>\n\t\t\t<br style='clear: both' \/>\n\t\t<\/div>\n\n<p>&nbsp;<\/p>\n<p>&nbsp;<\/p>\n","protected":false},"excerpt":{"rendered":"<p>In un&#8217;intervista condotta da Stefano De Franceschi del Consorzio CosMaVe, Alvise Lazzereschi, cavatore da oltre trent\u2019anni nel bacino di Colonnata, nonch\u00e9 scrittore del libro \u201cLa casa del colonnello\u201d, romanzo autobiografico, edito da Rizzoli, ci parler\u00e0 di s\u00e8 e della sua storia. Render\u00e0 omaggio ai monti Apuani, ai paesi, alla gente del posto e ai cavatori, [&hellip;]<\/p>\n","protected":false},"author":5,"featured_media":26777,"comment_status":"closed","ping_status":"closed","sticky":false,"template":"","format":"standard","meta":{"rs_blank_template":"","rs_page_bg_color":"#ffffff","slide_template_v7":"","pgc_sgb_lightbox_settings":"","footnotes":""},"categories":[19],"tags":[],"class_list":["post-26745","post","type-post","status-publish","format-standard","has-post-thumbnail","hentry","category-archivio"],"yoast_head":"<!-- This site is optimized with the Yoast SEO plugin v27.4 - https:\/\/yoast.com\/product\/yoast-seo-wordpress\/ -->\n<title>Alvise Lazzareschi | Cavatore e scrittore | Racconti - Museo Virtuale della Scultura e dell&#039;Architettura - Musa<\/title>\n<meta name=\"description\" content=\"In un&#039;intervista condotta da Stefano De Franceschi del Consorzio CosMaVe, Alvise Lazzereschi, cavatore da oltre trent\u2019anni nel bacino di Colonnata, nonch\u00e9\" \/>\n<meta name=\"robots\" content=\"index, follow, max-snippet:-1, max-image-preview:large, max-video-preview:-1\" \/>\n<link rel=\"canonical\" href=\"https:\/\/musapietrasanta.it\/alvise-lazzareschi-cavatore-e-scrittore-racconti\/\" \/>\n<meta property=\"og:locale\" content=\"en_US\" \/>\n<meta property=\"og:type\" content=\"article\" \/>\n<meta property=\"og:title\" content=\"Alvise Lazzareschi | Cavatore e scrittore | Racconti - Museo Virtuale della Scultura e dell&#039;Architettura - Musa\" \/>\n<meta property=\"og:description\" content=\"In un&#039;intervista condotta da Stefano De Franceschi del Consorzio CosMaVe, Alvise Lazzereschi, cavatore da oltre trent\u2019anni nel bacino di Colonnata, nonch\u00e9\" \/>\n<meta property=\"og:url\" content=\"https:\/\/musapietrasanta.it\/alvise-lazzareschi-cavatore-e-scrittore-racconti\/\" \/>\n<meta property=\"og:site_name\" content=\"Museo Virtuale della Scultura e dell&#039;Architettura - Musa\" \/>\n<meta property=\"article:publisher\" content=\"https:\/\/www.facebook.com\/musa.pietrasanta\" \/>\n<meta property=\"article:published_time\" content=\"2019-07-26T13:26:08+00:00\" \/>\n<meta property=\"article:modified_time\" content=\"2020-11-19T08:43:21+00:00\" \/>\n<meta property=\"og:image\" content=\"https:\/\/musapietrasanta.it\/wp-content\/uploads\/2019\/07\/musa_9-agosto3.png\" \/>\n\t<meta property=\"og:image:width\" content=\"550\" \/>\n\t<meta property=\"og:image:height\" content=\"432\" \/>\n\t<meta property=\"og:image:type\" content=\"image\/png\" \/>\n<meta name=\"author\" content=\"Michele Cerreta\" \/>\n<meta name=\"twitter:card\" content=\"summary_large_image\" \/>\n<meta name=\"twitter:label1\" content=\"Written by\" \/>\n\t<meta name=\"twitter:data1\" content=\"Michele Cerreta\" \/>\n\t<meta name=\"twitter:label2\" content=\"Est. reading time\" \/>\n\t<meta name=\"twitter:data2\" content=\"1 minute\" \/>\n<script type=\"application\/ld+json\" class=\"yoast-schema-graph\">{\"@context\":\"https:\\\/\\\/schema.org\",\"@graph\":[{\"@type\":\"Article\",\"@id\":\"https:\\\/\\\/musapietrasanta.it\\\/alvise-lazzareschi-cavatore-e-scrittore-racconti\\\/#article\",\"isPartOf\":{\"@id\":\"https:\\\/\\\/musapietrasanta.it\\\/alvise-lazzareschi-cavatore-e-scrittore-racconti\\\/\"},\"author\":{\"name\":\"Michele Cerreta\",\"@id\":\"https:\\\/\\\/musapietrasanta.it\\\/#\\\/schema\\\/person\\\/1ce9ed822aa8d6f01d8db056f77242ba\"},\"headline\":\"Alvise Lazzareschi | Cavatore e scrittore | Racconti\",\"datePublished\":\"2019-07-26T13:26:08+00:00\",\"dateModified\":\"2020-11-19T08:43:21+00:00\",\"mainEntityOfPage\":{\"@id\":\"https:\\\/\\\/musapietrasanta.it\\\/alvise-lazzareschi-cavatore-e-scrittore-racconti\\\/\"},\"wordCount\":236,\"publisher\":{\"@id\":\"https:\\\/\\\/musapietrasanta.it\\\/#organization\"},\"image\":{\"@id\":\"https:\\\/\\\/musapietrasanta.it\\\/alvise-lazzareschi-cavatore-e-scrittore-racconti\\\/#primaryimage\"},\"thumbnailUrl\":\"https:\\\/\\\/musapietrasanta.it\\\/wp-content\\\/uploads\\\/2019\\\/07\\\/musa_9-agosto3.png\",\"articleSection\":[\"Archivio\"],\"inLanguage\":\"en-US\"},{\"@type\":\"WebPage\",\"@id\":\"https:\\\/\\\/musapietrasanta.it\\\/alvise-lazzareschi-cavatore-e-scrittore-racconti\\\/\",\"url\":\"https:\\\/\\\/musapietrasanta.it\\\/alvise-lazzareschi-cavatore-e-scrittore-racconti\\\/\",\"name\":\"Alvise Lazzareschi | Cavatore e scrittore | Racconti - Museo Virtuale della Scultura e dell&#039;Architettura - Musa\",\"isPartOf\":{\"@id\":\"https:\\\/\\\/musapietrasanta.it\\\/#website\"},\"primaryImageOfPage\":{\"@id\":\"https:\\\/\\\/musapietrasanta.it\\\/alvise-lazzareschi-cavatore-e-scrittore-racconti\\\/#primaryimage\"},\"image\":{\"@id\":\"https:\\\/\\\/musapietrasanta.it\\\/alvise-lazzareschi-cavatore-e-scrittore-racconti\\\/#primaryimage\"},\"thumbnailUrl\":\"https:\\\/\\\/musapietrasanta.it\\\/wp-content\\\/uploads\\\/2019\\\/07\\\/musa_9-agosto3.png\",\"datePublished\":\"2019-07-26T13:26:08+00:00\",\"dateModified\":\"2020-11-19T08:43:21+00:00\",\"description\":\"In un'intervista condotta da Stefano De Franceschi del Consorzio CosMaVe, Alvise Lazzereschi, cavatore da oltre trent\u2019anni nel bacino di Colonnata, nonch\u00e9\",\"breadcrumb\":{\"@id\":\"https:\\\/\\\/musapietrasanta.it\\\/alvise-lazzareschi-cavatore-e-scrittore-racconti\\\/#breadcrumb\"},\"inLanguage\":\"en-US\",\"potentialAction\":[{\"@type\":\"ReadAction\",\"target\":[\"https:\\\/\\\/musapietrasanta.it\\\/alvise-lazzareschi-cavatore-e-scrittore-racconti\\\/\"]}]},{\"@type\":\"ImageObject\",\"inLanguage\":\"en-US\",\"@id\":\"https:\\\/\\\/musapietrasanta.it\\\/alvise-lazzareschi-cavatore-e-scrittore-racconti\\\/#primaryimage\",\"url\":\"https:\\\/\\\/musapietrasanta.it\\\/wp-content\\\/uploads\\\/2019\\\/07\\\/musa_9-agosto3.png\",\"contentUrl\":\"https:\\\/\\\/musapietrasanta.it\\\/wp-content\\\/uploads\\\/2019\\\/07\\\/musa_9-agosto3.png\",\"width\":550,\"height\":432},{\"@type\":\"BreadcrumbList\",\"@id\":\"https:\\\/\\\/musapietrasanta.it\\\/alvise-lazzareschi-cavatore-e-scrittore-racconti\\\/#breadcrumb\",\"itemListElement\":[{\"@type\":\"ListItem\",\"position\":1,\"name\":\"Home\",\"item\":\"https:\\\/\\\/musapietrasanta.it\\\/en\\\/\"},{\"@type\":\"ListItem\",\"position\":2,\"name\":\"Alvise Lazzareschi | Cavatore e scrittore | Racconti\"}]},{\"@type\":\"WebSite\",\"@id\":\"https:\\\/\\\/musapietrasanta.it\\\/#website\",\"url\":\"https:\\\/\\\/musapietrasanta.it\\\/\",\"name\":\"Museo Virtuale della Scultura e dell&#039;Architettura - Musa\",\"description\":\"Uno spazio dedicato alla promozione del territorio e delle sue eccellenze produttive.\",\"publisher\":{\"@id\":\"https:\\\/\\\/musapietrasanta.it\\\/#organization\"},\"potentialAction\":[{\"@type\":\"SearchAction\",\"target\":{\"@type\":\"EntryPoint\",\"urlTemplate\":\"https:\\\/\\\/musapietrasanta.it\\\/?s={search_term_string}\"},\"query-input\":{\"@type\":\"PropertyValueSpecification\",\"valueRequired\":true,\"valueName\":\"search_term_string\"}}],\"inLanguage\":\"en-US\"},{\"@type\":\"Organization\",\"@id\":\"https:\\\/\\\/musapietrasanta.it\\\/#organization\",\"name\":\"Musa Pietrasanta\",\"url\":\"https:\\\/\\\/musapietrasanta.it\\\/\",\"logo\":{\"@type\":\"ImageObject\",\"inLanguage\":\"en-US\",\"@id\":\"https:\\\/\\\/musapietrasanta.it\\\/#\\\/schema\\\/logo\\\/image\\\/\",\"url\":\"https:\\\/\\\/www.musapietrasanta.it\\\/wp-content\\\/uploads\\\/2016\\\/09\\\/logo-quadrato.jpg\",\"contentUrl\":\"https:\\\/\\\/www.musapietrasanta.it\\\/wp-content\\\/uploads\\\/2016\\\/09\\\/logo-quadrato.jpg\",\"width\":900,\"height\":900,\"caption\":\"Musa Pietrasanta\"},\"image\":{\"@id\":\"https:\\\/\\\/musapietrasanta.it\\\/#\\\/schema\\\/logo\\\/image\\\/\"},\"sameAs\":[\"https:\\\/\\\/www.facebook.com\\\/musa.pietrasanta\",\"https:\\\/\\\/www.instagram.com\\\/musapietrasanta\\\/\",\"https:\\\/\\\/it.pinterest.com\\\/musapietrasanta\\\/\",\"https:\\\/\\\/www.youtube.com\\\/user\\\/musapietrasanta\"]},{\"@type\":\"Person\",\"@id\":\"https:\\\/\\\/musapietrasanta.it\\\/#\\\/schema\\\/person\\\/1ce9ed822aa8d6f01d8db056f77242ba\",\"name\":\"Michele Cerreta\"}]}<\/script>\n<!-- \/ Yoast SEO plugin. -->","yoast_head_json":{"title":"Alvise Lazzareschi | Cavatore e scrittore | Racconti - Museo Virtuale della Scultura e dell&#039;Architettura - Musa","description":"In un'intervista condotta da Stefano De Franceschi del Consorzio CosMaVe, Alvise Lazzereschi, cavatore da oltre trent\u2019anni nel bacino di Colonnata, nonch\u00e9","robots":{"index":"index","follow":"follow","max-snippet":"max-snippet:-1","max-image-preview":"max-image-preview:large","max-video-preview":"max-video-preview:-1"},"canonical":"https:\/\/musapietrasanta.it\/alvise-lazzareschi-cavatore-e-scrittore-racconti\/","og_locale":"en_US","og_type":"article","og_title":"Alvise Lazzareschi | Cavatore e scrittore | Racconti - Museo Virtuale della Scultura e dell&#039;Architettura - Musa","og_description":"In un'intervista condotta da Stefano De Franceschi del Consorzio CosMaVe, Alvise Lazzereschi, cavatore da oltre trent\u2019anni nel bacino di Colonnata, nonch\u00e9","og_url":"https:\/\/musapietrasanta.it\/alvise-lazzareschi-cavatore-e-scrittore-racconti\/","og_site_name":"Museo Virtuale della Scultura e dell&#039;Architettura - Musa","article_publisher":"https:\/\/www.facebook.com\/musa.pietrasanta","article_published_time":"2019-07-26T13:26:08+00:00","article_modified_time":"2020-11-19T08:43:21+00:00","og_image":[{"width":550,"height":432,"url":"https:\/\/musapietrasanta.it\/wp-content\/uploads\/2019\/07\/musa_9-agosto3.png","type":"image\/png"}],"author":"Michele Cerreta","twitter_card":"summary_large_image","twitter_misc":{"Written by":"Michele Cerreta","Est. reading time":"1 minute"},"schema":{"@context":"https:\/\/schema.org","@graph":[{"@type":"Article","@id":"https:\/\/musapietrasanta.it\/alvise-lazzareschi-cavatore-e-scrittore-racconti\/#article","isPartOf":{"@id":"https:\/\/musapietrasanta.it\/alvise-lazzareschi-cavatore-e-scrittore-racconti\/"},"author":{"name":"Michele Cerreta","@id":"https:\/\/musapietrasanta.it\/#\/schema\/person\/1ce9ed822aa8d6f01d8db056f77242ba"},"headline":"Alvise Lazzareschi | Cavatore e scrittore | Racconti","datePublished":"2019-07-26T13:26:08+00:00","dateModified":"2020-11-19T08:43:21+00:00","mainEntityOfPage":{"@id":"https:\/\/musapietrasanta.it\/alvise-lazzareschi-cavatore-e-scrittore-racconti\/"},"wordCount":236,"publisher":{"@id":"https:\/\/musapietrasanta.it\/#organization"},"image":{"@id":"https:\/\/musapietrasanta.it\/alvise-lazzareschi-cavatore-e-scrittore-racconti\/#primaryimage"},"thumbnailUrl":"https:\/\/musapietrasanta.it\/wp-content\/uploads\/2019\/07\/musa_9-agosto3.png","articleSection":["Archivio"],"inLanguage":"en-US"},{"@type":"WebPage","@id":"https:\/\/musapietrasanta.it\/alvise-lazzareschi-cavatore-e-scrittore-racconti\/","url":"https:\/\/musapietrasanta.it\/alvise-lazzareschi-cavatore-e-scrittore-racconti\/","name":"Alvise Lazzareschi | Cavatore e scrittore | Racconti - Museo Virtuale della Scultura e dell&#039;Architettura - Musa","isPartOf":{"@id":"https:\/\/musapietrasanta.it\/#website"},"primaryImageOfPage":{"@id":"https:\/\/musapietrasanta.it\/alvise-lazzareschi-cavatore-e-scrittore-racconti\/#primaryimage"},"image":{"@id":"https:\/\/musapietrasanta.it\/alvise-lazzareschi-cavatore-e-scrittore-racconti\/#primaryimage"},"thumbnailUrl":"https:\/\/musapietrasanta.it\/wp-content\/uploads\/2019\/07\/musa_9-agosto3.png","datePublished":"2019-07-26T13:26:08+00:00","dateModified":"2020-11-19T08:43:21+00:00","description":"In un'intervista condotta da Stefano De Franceschi del Consorzio CosMaVe, Alvise Lazzereschi, cavatore da oltre trent\u2019anni nel bacino di Colonnata, nonch\u00e9","breadcrumb":{"@id":"https:\/\/musapietrasanta.it\/alvise-lazzareschi-cavatore-e-scrittore-racconti\/#breadcrumb"},"inLanguage":"en-US","potentialAction":[{"@type":"ReadAction","target":["https:\/\/musapietrasanta.it\/alvise-lazzareschi-cavatore-e-scrittore-racconti\/"]}]},{"@type":"ImageObject","inLanguage":"en-US","@id":"https:\/\/musapietrasanta.it\/alvise-lazzareschi-cavatore-e-scrittore-racconti\/#primaryimage","url":"https:\/\/musapietrasanta.it\/wp-content\/uploads\/2019\/07\/musa_9-agosto3.png","contentUrl":"https:\/\/musapietrasanta.it\/wp-content\/uploads\/2019\/07\/musa_9-agosto3.png","width":550,"height":432},{"@type":"BreadcrumbList","@id":"https:\/\/musapietrasanta.it\/alvise-lazzareschi-cavatore-e-scrittore-racconti\/#breadcrumb","itemListElement":[{"@type":"ListItem","position":1,"name":"Home","item":"https:\/\/musapietrasanta.it\/en\/"},{"@type":"ListItem","position":2,"name":"Alvise Lazzareschi | Cavatore e scrittore | Racconti"}]},{"@type":"WebSite","@id":"https:\/\/musapietrasanta.it\/#website","url":"https:\/\/musapietrasanta.it\/","name":"Museo Virtuale della Scultura e dell&#039;Architettura - Musa","description":"Uno spazio dedicato alla promozione del territorio e delle sue eccellenze produttive.","publisher":{"@id":"https:\/\/musapietrasanta.it\/#organization"},"potentialAction":[{"@type":"SearchAction","target":{"@type":"EntryPoint","urlTemplate":"https:\/\/musapietrasanta.it\/?s={search_term_string}"},"query-input":{"@type":"PropertyValueSpecification","valueRequired":true,"valueName":"search_term_string"}}],"inLanguage":"en-US"},{"@type":"Organization","@id":"https:\/\/musapietrasanta.it\/#organization","name":"Musa Pietrasanta","url":"https:\/\/musapietrasanta.it\/","logo":{"@type":"ImageObject","inLanguage":"en-US","@id":"https:\/\/musapietrasanta.it\/#\/schema\/logo\/image\/","url":"https:\/\/www.musapietrasanta.it\/wp-content\/uploads\/2016\/09\/logo-quadrato.jpg","contentUrl":"https:\/\/www.musapietrasanta.it\/wp-content\/uploads\/2016\/09\/logo-quadrato.jpg","width":900,"height":900,"caption":"Musa Pietrasanta"},"image":{"@id":"https:\/\/musapietrasanta.it\/#\/schema\/logo\/image\/"},"sameAs":["https:\/\/www.facebook.com\/musa.pietrasanta","https:\/\/www.instagram.com\/musapietrasanta\/","https:\/\/it.pinterest.com\/musapietrasanta\/","https:\/\/www.youtube.com\/user\/musapietrasanta"]},{"@type":"Person","@id":"https:\/\/musapietrasanta.it\/#\/schema\/person\/1ce9ed822aa8d6f01d8db056f77242ba","name":"Michele Cerreta"}]}},"_links":{"self":[{"href":"https:\/\/musapietrasanta.it\/en\/wp-json\/wp\/v2\/posts\/26745","targetHints":{"allow":["GET"]}}],"collection":[{"href":"https:\/\/musapietrasanta.it\/en\/wp-json\/wp\/v2\/posts"}],"about":[{"href":"https:\/\/musapietrasanta.it\/en\/wp-json\/wp\/v2\/types\/post"}],"author":[{"embeddable":true,"href":"https:\/\/musapietrasanta.it\/en\/wp-json\/wp\/v2\/users\/5"}],"replies":[{"embeddable":true,"href":"https:\/\/musapietrasanta.it\/en\/wp-json\/wp\/v2\/comments?post=26745"}],"version-history":[{"count":6,"href":"https:\/\/musapietrasanta.it\/en\/wp-json\/wp\/v2\/posts\/26745\/revisions"}],"predecessor-version":[{"id":30017,"href":"https:\/\/musapietrasanta.it\/en\/wp-json\/wp\/v2\/posts\/26745\/revisions\/30017"}],"wp:featuredmedia":[{"embeddable":true,"href":"https:\/\/musapietrasanta.it\/en\/wp-json\/wp\/v2\/media\/26777"}],"wp:attachment":[{"href":"https:\/\/musapietrasanta.it\/en\/wp-json\/wp\/v2\/media?parent=26745"}],"wp:term":[{"taxonomy":"category","embeddable":true,"href":"https:\/\/musapietrasanta.it\/en\/wp-json\/wp\/v2\/categories?post=26745"},{"taxonomy":"post_tag","embeddable":true,"href":"https:\/\/musapietrasanta.it\/en\/wp-json\/wp\/v2\/tags?post=26745"}],"curies":[{"name":"wp","href":"https:\/\/api.w.org\/{rel}","templated":true}]}}