{"id":26461,"date":"2019-07-03T11:29:19","date_gmt":"2019-07-03T09:29:19","guid":{"rendered":"https:\/\/www.musapietrasanta.it\/?p=26461"},"modified":"2020-11-18T15:45:01","modified_gmt":"2020-11-18T14:45:01","slug":"omaggio-agli-artigiani-2-0-ritratti-di-tommaso-barbieri","status":"publish","type":"post","link":"https:\/\/musapietrasanta.it\/en\/omaggio-agli-artigiani-2-0-ritratti-di-tommaso-barbieri\/","title":{"rendered":"Omaggio agli artigiani 2.0 | Ritratti di Tommaso Barbieri"},"content":{"rendered":"<div class=\"\" data-block=\"true\" data-editor=\"frac6\" data-offset-key=\"e00jk-0-0\">\n<div class=\"_1mf _1mj\" data-offset-key=\"e00jk-0-0\"><span data-offset-key=\"e00jk-0-0\">Si rende omaggio all&#8217;artigianato &#8211; artistico locale: quello che meglio rappresenta il territorio che ci ospita e che rende <\/span><span class=\"_5zk7\" spellcheck=\"false\" data-offset-key=\"e00jk-1-0\"><span data-offset-key=\"e00jk-1-0\">Pietrasanta<\/span><\/span><span data-offset-key=\"e00jk-2-0\"> perla ed eccellenza conosciuta in tutto il mondo. <\/span><span data-offset-key=\"b8m5h-0-0\">Dopo l&#8217;appuntamento del 14 <\/span><span class=\"_5zk7\" spellcheck=\"false\" data-offset-key=\"b8m5h-1-0\"><span data-offset-key=\"b8m5h-1-0\">giugno<\/span><\/span><span data-offset-key=\"b8m5h-2-0\"> con <\/span><span class=\"_247o\" spellcheck=\"false\" data-offset-key=\"b8m5h-3-0\"><span data-offset-key=\"b8m5h-3-0\">Enzo Cei<\/span><\/span><span data-offset-key=\"b8m5h-4-0\"> ed il suo viaggio fotografico alla scoperta dei laboratori artigiani, protagonista al MuSA il documentario &#8220;Ritratti&#8221; di <\/span><span class=\"_247o\" spellcheck=\"false\" data-offset-key=\"b8m5h-5-0\"><span data-offset-key=\"b8m5h-5-0\">Tommaso Barbieri<\/span><\/span><span data-offset-key=\"b8m5h-6-0\">.<\/span><\/div>\n<\/div>\n<div class=\"\" data-block=\"true\" data-editor=\"frac6\" data-offset-key=\"6ionc-0-0\">\n<div class=\"_1mf _1mj\" data-offset-key=\"6ionc-0-0\"><span data-offset-key=\"6ionc-0-0\">\u00a0<\/span><\/div>\n<\/div>\n<div class=\"\" data-block=\"true\" data-editor=\"frac6\" data-offset-key=\"br60i-0-0\">\n<div class=\"_1mf _1mj\" data-offset-key=\"br60i-0-0\"><span data-offset-key=\"br60i-0-0\">A condurre la serata il regista <\/span><span class=\"_247o\" spellcheck=\"false\" data-offset-key=\"br60i-1-0\"><span data-offset-key=\"br60i-1-0\">Marcantonio Lunardi <\/span><\/span><a href=\"http:\/\/www.marcantonio.eu\">www.marcantonio.eu<\/a> che con Tommaso ripercorrer\u00e0 la storia del progetto, dalla nascita allo sviluppo vero e proprio. Non mancheranno aneddoti e curiosit\u00e0. Nel corso della serata interverranno anche gli artisti e gli artigiani presenti nel documentario. In sala MuSA sar\u00e0 allestita una mostra con le opere degli stessi.<\/div>\n<\/div>\n<div class=\"\" data-block=\"true\" data-editor=\"frac6\" data-offset-key=\"fku09-0-0\">\n<div class=\"_1mf _1mj\" data-offset-key=\"fku09-0-0\"><span data-offset-key=\"fku09-0-0\">\u00a0<\/span><\/div>\n<\/div>\n<div class=\"\" data-block=\"true\" data-editor=\"frac6\" data-offset-key=\"1bje1-0-0\">\n<div class=\"_1mf _1mj\" data-offset-key=\"1bje1-0-0\"><\/div>\n<\/div>\n<div class=\"\" data-block=\"true\" data-editor=\"frac6\" data-offset-key=\"6bt47-0-0\">\n<div class=\"_1mf _1mj\" data-offset-key=\"6bt47-0-0\"><span data-offset-key=\"6bt47-0-0\">Titolo <strong>Ritratti<\/strong><\/span><\/div>\n<\/div>\n<div class=\"\" data-block=\"true\" data-editor=\"frac6\" data-offset-key=\"6m8ji-0-0\">\n<div class=\"_1mf _1mj\" data-offset-key=\"6m8ji-0-0\"><span data-offset-key=\"6m8ji-0-0\">Regia, montaggio, soggetto: Tommaso Barbieri<\/span><\/div>\n<\/div>\n<div class=\"\" data-block=\"true\" data-editor=\"frac6\" data-offset-key=\"2hohp-0-0\">\n<div class=\"_1mf _1mj\" data-offset-key=\"2hohp-0-0\"><span data-offset-key=\"2hohp-0-0\">Musiche: Rene Osmanczyk, Naoya Sakamata, Fabio Ragghianti<\/span><\/div>\n<\/div>\n<div class=\"\" data-block=\"true\" data-editor=\"frac6\" data-offset-key=\"apc7h-0-0\">\n<div class=\"_1mf _1mj\" data-offset-key=\"apc7h-0-0\"><span data-offset-key=\"apc7h-0-0\">Interviste: Fabio Ragghianti, Francesco Federigi, Giovanna Bianucci, Il Gaucho, Renzo Maggi, Marcello Milani, Massimo Da Prato, Marco Barsanti, Piero Giannoni, Giuliano Bartolomei<\/span><\/div>\n<\/div>\n<div class=\"\" data-block=\"true\" data-editor=\"frac6\" data-offset-key=\"66lcj-0-0\">\n<div class=\"_1mf _1mj\" data-offset-key=\"66lcj-0-0\"><span data-offset-key=\"66lcj-0-0\">\u00a0<\/span><\/div>\n<\/div>\n<div class=\"\" data-block=\"true\" data-editor=\"frac6\" data-offset-key=\"1d2kb-0-0\">\n<div class=\"_1mf _1mj\" data-offset-key=\"1d2kb-0-0\"><span data-offset-key=\"1d2kb-0-0\">ITALIA 2019, 55 minuti<\/span><\/div>\n<\/div>\n<div class=\"\" data-block=\"true\" data-editor=\"frac6\" data-offset-key=\"deqe1-0-0\">\n<div class=\"_1mf _1mj\" data-offset-key=\"deqe1-0-0\"><span data-offset-key=\"deqe1-0-0\">\u00a0<\/span><\/div>\n<\/div>\n<div class=\"\" data-block=\"true\" data-editor=\"frac6\" data-offset-key=\"7s29j-0-0\">\n<div class=\"_1mf _1mj\" data-offset-key=\"7s29j-0-0\"><strong>SINOSSI:<\/strong><\/div>\n<\/div>\n<div class=\"\" data-block=\"true\" data-editor=\"frac6\" data-offset-key=\"3dp4v-0-0\">\n<div class=\"_1mf _1mj\" data-offset-key=\"3dp4v-0-0\"><span data-offset-key=\"3dp4v-0-0\">Arte, passione, poesia, polvere e orgoglio, sono gli elementi che fanno da filo conduttore a questi ritratti. Sette artigiani parlano dell&#8217;amore per l&#8217;artigianato, del cambiamento che ha subito negli ultimi vent&#8217;anni con l&#8217;avvento della tecnologia, e del ricordo dei una Pietrasanta ricca di laboratori, di rumore e vita, ma soprattutto genuina.<\/span><\/div>\n<\/div>\n<div class=\"\" data-block=\"true\" data-editor=\"frac6\" data-offset-key=\"a3hjl-0-0\">\n<div class=\"_1mf _1mj\" data-offset-key=\"a3hjl-0-0\"><span data-offset-key=\"a3hjl-0-0\">\u00a0<\/span><\/div>\n<\/div>\n<div class=\"\" data-block=\"true\" data-editor=\"frac6\" data-offset-key=\"cs93u-0-0\">\n<div class=\"_1mf _1mj\" data-offset-key=\"cs93u-0-0\"><span data-offset-key=\"cs93u-0-0\"><em><strong>Tommaso Barbieri<\/strong><\/em> nasce a Livorno nel 1984, cresce a Pietrasanta dove di diploma all&#8217;Istituto d&#8217;arte. Successivamente frequenta l&#8217;Universit\u00e0 di Cinema e teatro a Pisa. &#8220;Crescendo ho sempre sentito l&#8217;esigenza di raccontare qualcosa: disegnavo fumetti, dipingevo, giravo cortometraggi con gli amici\u201d. Crescendo in una realt\u00e0 come quella di Pietrasanta ho avuto la fortuna di conoscere e frequentare artigiani e laboratori. Da qui l&#8217;idea di raccontare la vita di queste persone, dando risulto al lato umano, fatto di passione e amore, piuttosto che alle tecniche lavorative.<\/span><\/div>\n<div data-offset-key=\"cs93u-0-0\"><\/div>\n<\/div>\n<div data-offset-key=\"cs93u-0-0\"><\/div>\n<div data-offset-key=\"cs93u-0-0\"><\/div>\n<div data-offset-key=\"cs93u-0-0\"><em>Ingresso gratuito<\/em><\/div>\n<div data-offset-key=\"cs93u-0-0\"><\/div>\n<div data-offset-key=\"cs93u-0-0\"><\/div>\n<div data-offset-key=\"cs93u-0-0\"><\/div>\n<div data-offset-key=\"cs93u-0-0\"><em><strong>Galleria fotografica<\/strong><\/em><\/div>\n<div data-offset-key=\"cs93u-0-0\"><\/div>\n<div data-offset-key=\"cs93u-0-0\">\n\n\t\t<style type=\"text\/css\">\n\t\t\t#gallery-1 {\n\t\t\t\tmargin: auto;\n\t\t\t}\n\t\t\t#gallery-1 .gallery-item {\n\t\t\t\tfloat: left;\n\t\t\t\tmargin-top: 10px;\n\t\t\t\ttext-align: center;\n\t\t\t\twidth: 14%;\n\t\t\t}\n\t\t\t#gallery-1 img {\n\t\t\t\tborder: 2px solid #cfcfcf;\n\t\t\t}\n\t\t\t#gallery-1 .gallery-caption {\n\t\t\t\tmargin-left: 0;\n\t\t\t}\n\t\t\t\/* see gallery_shortcode() in wp-includes\/media.php *\/\n\t\t<\/style>\n\t\t<div id='gallery-1' class='gallery galleryid-26461 gallery-columns-7 gallery-size-thumbnail'><dl class='gallery-item'>\n\t\t\t<dt class='gallery-icon landscape'>\n\t\t\t\t<a href='https:\/\/musapietrasanta.it\/en\/musa_5-luglio2-2\/'><img loading=\"lazy\" decoding=\"async\" width=\"150\" height=\"150\" src=\"https:\/\/musapietrasanta.it\/wp-content\/uploads\/2019\/06\/musa_5-luglio2-150x150.png\" class=\"attachment-thumbnail size-thumbnail\" alt=\"\" itemprop=\"image\" \/><\/a>\n\t\t\t<\/dt><\/dl><dl class='gallery-item'>\n\t\t\t<dt class='gallery-icon portrait'>\n\t\t\t\t<a href='https:\/\/musapietrasanta.it\/en\/20190705_213022-2-2\/'><img loading=\"lazy\" decoding=\"async\" width=\"150\" height=\"150\" src=\"https:\/\/musapietrasanta.it\/wp-content\/uploads\/2019\/07\/20190705_213022-150x150.jpg\" class=\"attachment-thumbnail size-thumbnail\" alt=\"\" itemprop=\"image\" \/><\/a>\n\t\t\t<\/dt><\/dl><dl class='gallery-item'>\n\t\t\t<dt class='gallery-icon portrait'>\n\t\t\t\t<a href='https:\/\/musapietrasanta.it\/en\/20190705_213114-2-2\/'><img loading=\"lazy\" decoding=\"async\" width=\"150\" height=\"150\" src=\"https:\/\/musapietrasanta.it\/wp-content\/uploads\/2019\/07\/20190705_213114-150x150.jpg\" class=\"attachment-thumbnail size-thumbnail\" alt=\"\" itemprop=\"image\" \/><\/a>\n\t\t\t<\/dt><\/dl><dl class='gallery-item'>\n\t\t\t<dt class='gallery-icon landscape'>\n\t\t\t\t<a href='https:\/\/musapietrasanta.it\/en\/20190705_222802-2\/'><img loading=\"lazy\" decoding=\"async\" width=\"150\" height=\"150\" src=\"https:\/\/musapietrasanta.it\/wp-content\/uploads\/2019\/07\/20190705_222802-150x150.jpg\" class=\"attachment-thumbnail size-thumbnail\" alt=\"\" itemprop=\"image\" \/><\/a>\n\t\t\t<\/dt><\/dl><dl class='gallery-item'>\n\t\t\t<dt class='gallery-icon portrait'>\n\t\t\t\t<a href='https:\/\/musapietrasanta.it\/en\/20190705_222842-2-2\/'><img loading=\"lazy\" decoding=\"async\" width=\"150\" height=\"150\" src=\"https:\/\/musapietrasanta.it\/wp-content\/uploads\/2019\/07\/20190705_222842-150x150.jpg\" class=\"attachment-thumbnail size-thumbnail\" alt=\"\" itemprop=\"image\" \/><\/a>\n\t\t\t<\/dt><\/dl><dl class='gallery-item'>\n\t\t\t<dt class='gallery-icon portrait'>\n\t\t\t\t<a href='https:\/\/musapietrasanta.it\/en\/20190705_222829-2\/'><img loading=\"lazy\" decoding=\"async\" width=\"150\" height=\"150\" src=\"https:\/\/musapietrasanta.it\/wp-content\/uploads\/2019\/07\/20190705_222829-150x150.jpg\" class=\"attachment-thumbnail size-thumbnail\" alt=\"\" itemprop=\"image\" \/><\/a>\n\t\t\t<\/dt><\/dl><dl class='gallery-item'>\n\t\t\t<dt class='gallery-icon landscape'>\n\t\t\t\t<a href='https:\/\/musapietrasanta.it\/en\/20190705_223020-2\/'><img loading=\"lazy\" decoding=\"async\" width=\"150\" height=\"150\" src=\"https:\/\/musapietrasanta.it\/wp-content\/uploads\/2019\/07\/20190705_223020-150x150.jpg\" class=\"attachment-thumbnail size-thumbnail\" alt=\"\" itemprop=\"image\" \/><\/a>\n\t\t\t<\/dt><\/dl><br style=\"clear: both\" \/><dl class='gallery-item'>\n\t\t\t<dt class='gallery-icon portrait'>\n\t\t\t\t<a href='https:\/\/musapietrasanta.it\/en\/20190705_223036-2-2\/'><img loading=\"lazy\" decoding=\"async\" width=\"150\" height=\"150\" src=\"https:\/\/musapietrasanta.it\/wp-content\/uploads\/2019\/07\/20190705_223036-150x150.jpg\" class=\"attachment-thumbnail size-thumbnail\" alt=\"\" itemprop=\"image\" \/><\/a>\n\t\t\t<\/dt><\/dl><dl class='gallery-item'>\n\t\t\t<dt class='gallery-icon portrait'>\n\t\t\t\t<a href='https:\/\/musapietrasanta.it\/en\/20190705_213031-2\/'><img loading=\"lazy\" decoding=\"async\" width=\"150\" height=\"150\" src=\"https:\/\/musapietrasanta.it\/wp-content\/uploads\/2019\/07\/20190705_213031-150x150.jpg\" class=\"attachment-thumbnail size-thumbnail\" alt=\"\" itemprop=\"image\" \/><\/a>\n\t\t\t<\/dt><\/dl><dl class='gallery-item'>\n\t\t\t<dt class='gallery-icon portrait'>\n\t\t\t\t<a href='https:\/\/musapietrasanta.it\/en\/20190705_223051-2-2\/'><img loading=\"lazy\" decoding=\"async\" width=\"150\" height=\"150\" src=\"https:\/\/musapietrasanta.it\/wp-content\/uploads\/2019\/07\/20190705_223051-150x150.jpg\" class=\"attachment-thumbnail size-thumbnail\" alt=\"\" itemprop=\"image\" \/><\/a>\n\t\t\t<\/dt><\/dl><dl class='gallery-item'>\n\t\t\t<dt class='gallery-icon landscape'>\n\t\t\t\t<a href='https:\/\/musapietrasanta.it\/en\/dsc00530-copia-2\/'><img loading=\"lazy\" decoding=\"async\" width=\"150\" height=\"150\" src=\"https:\/\/musapietrasanta.it\/wp-content\/uploads\/2019\/07\/dsc00530-copia-150x150.jpg\" class=\"attachment-thumbnail size-thumbnail\" alt=\"\" itemprop=\"image\" \/><\/a>\n\t\t\t<\/dt><\/dl><dl class='gallery-item'>\n\t\t\t<dt class='gallery-icon portrait'>\n\t\t\t\t<a href='https:\/\/musapietrasanta.it\/en\/20190705_223106-2-2\/'><img loading=\"lazy\" decoding=\"async\" width=\"150\" height=\"150\" src=\"https:\/\/musapietrasanta.it\/wp-content\/uploads\/2019\/07\/20190705_223106-150x150.jpg\" class=\"attachment-thumbnail size-thumbnail\" alt=\"\" itemprop=\"image\" \/><\/a>\n\t\t\t<\/dt><\/dl><dl class='gallery-item'>\n\t\t\t<dt class='gallery-icon landscape'>\n\t\t\t\t<a href='https:\/\/musapietrasanta.it\/en\/dsc00539-copia-2\/'><img loading=\"lazy\" decoding=\"async\" width=\"150\" height=\"150\" src=\"https:\/\/musapietrasanta.it\/wp-content\/uploads\/2019\/07\/dsc00539-copia-150x150.jpg\" class=\"attachment-thumbnail size-thumbnail\" alt=\"\" itemprop=\"image\" \/><\/a>\n\t\t\t<\/dt><\/dl><dl class='gallery-item'>\n\t\t\t<dt class='gallery-icon landscape'>\n\t\t\t\t<a href='https:\/\/musapietrasanta.it\/en\/dsc00529-copia-2\/'><img loading=\"lazy\" decoding=\"async\" width=\"150\" height=\"150\" src=\"https:\/\/musapietrasanta.it\/wp-content\/uploads\/2019\/07\/dsc00529-copia-150x150.jpg\" class=\"attachment-thumbnail size-thumbnail\" alt=\"\" itemprop=\"image\" \/><\/a>\n\t\t\t<\/dt><\/dl><br style=\"clear: both\" \/>\n\t\t<\/div>\n\n<p>&nbsp;<\/p>\n<\/div>\n<div data-offset-key=\"cs93u-0-0\"><\/div>\n","protected":false},"excerpt":{"rendered":"<p>Si rende omaggio all&#8217;artigianato &#8211; artistico locale: quello che meglio rappresenta il territorio che ci ospita e che rende Pietrasanta perla ed eccellenza conosciuta in tutto il mondo. Dopo l&#8217;appuntamento del 14 giugno con Enzo Cei ed il suo viaggio fotografico alla scoperta dei laboratori artigiani, protagonista al MuSA il documentario &#8220;Ritratti&#8221; di Tommaso Barbieri. [&hellip;]<\/p>\n","protected":false},"author":5,"featured_media":26518,"comment_status":"closed","ping_status":"closed","sticky":false,"template":"","format":"standard","meta":{"rs_blank_template":"","rs_page_bg_color":"#ffffff","slide_template_v7":"","pgc_sgb_lightbox_settings":"","footnotes":""},"categories":[19],"tags":[],"class_list":["post-26461","post","type-post","status-publish","format-standard","has-post-thumbnail","hentry","category-archivio"],"yoast_head":"<!-- This site is optimized with the Yoast SEO plugin v27.4 - https:\/\/yoast.com\/product\/yoast-seo-wordpress\/ -->\n<title>Omaggio agli artigiani 2.0 | Ritratti di Tommaso Barbieri - Museo Virtuale della Scultura e dell&#039;Architettura - Musa<\/title>\n<meta name=\"description\" content=\"Si rende omaggio all&#039;artigianato - artistico locale: quello che meglio rappresenta il territorio che ci ospita e che rende Pietrasanta perla ed eccellenza\" \/>\n<meta name=\"robots\" content=\"index, follow, max-snippet:-1, max-image-preview:large, max-video-preview:-1\" \/>\n<link rel=\"canonical\" href=\"https:\/\/musapietrasanta.it\/en\/omaggio-agli-artigiani-2-0-ritratti-di-tommaso-barbieri\/\" \/>\n<meta property=\"og:locale\" content=\"en_US\" \/>\n<meta property=\"og:type\" content=\"article\" \/>\n<meta property=\"og:title\" content=\"Omaggio agli artigiani 2.0 | Ritratti di Tommaso Barbieri - Museo Virtuale della Scultura e dell&#039;Architettura - Musa\" \/>\n<meta property=\"og:description\" content=\"Si rende omaggio all&#039;artigianato - artistico locale: quello che meglio rappresenta il territorio che ci ospita e che rende Pietrasanta perla ed eccellenza\" \/>\n<meta property=\"og:url\" content=\"https:\/\/musapietrasanta.it\/en\/omaggio-agli-artigiani-2-0-ritratti-di-tommaso-barbieri\/\" \/>\n<meta property=\"og:site_name\" content=\"Museo Virtuale della Scultura e dell&#039;Architettura - Musa\" \/>\n<meta property=\"article:publisher\" content=\"https:\/\/www.facebook.com\/musa.pietrasanta\" \/>\n<meta property=\"article:published_time\" content=\"2019-07-03T09:29:19+00:00\" \/>\n<meta property=\"article:modified_time\" content=\"2020-11-18T14:45:01+00:00\" \/>\n<meta property=\"og:image\" content=\"https:\/\/musapietrasanta.it\/wp-content\/uploads\/2019\/06\/musa_5-luglio3-1.png\" \/>\n\t<meta property=\"og:image:width\" content=\"550\" \/>\n\t<meta property=\"og:image:height\" content=\"432\" \/>\n\t<meta property=\"og:image:type\" content=\"image\/png\" \/>\n<meta name=\"author\" content=\"Michele Cerreta\" \/>\n<meta name=\"twitter:card\" content=\"summary_large_image\" \/>\n<meta name=\"twitter:label1\" content=\"Written by\" \/>\n\t<meta name=\"twitter:data1\" content=\"Michele Cerreta\" \/>\n\t<meta name=\"twitter:label2\" content=\"Est. reading time\" \/>\n\t<meta name=\"twitter:data2\" content=\"1 minute\" \/>\n<script type=\"application\/ld+json\" class=\"yoast-schema-graph\">{\"@context\":\"https:\\\/\\\/schema.org\",\"@graph\":[{\"@type\":\"Article\",\"@id\":\"https:\\\/\\\/musapietrasanta.it\\\/en\\\/omaggio-agli-artigiani-2-0-ritratti-di-tommaso-barbieri\\\/#article\",\"isPartOf\":{\"@id\":\"https:\\\/\\\/musapietrasanta.it\\\/en\\\/omaggio-agli-artigiani-2-0-ritratti-di-tommaso-barbieri\\\/\"},\"author\":{\"name\":\"Michele Cerreta\",\"@id\":\"https:\\\/\\\/musapietrasanta.it\\\/#\\\/schema\\\/person\\\/1ce9ed822aa8d6f01d8db056f77242ba\"},\"headline\":\"Omaggio agli artigiani 2.0 | Ritratti di Tommaso Barbieri\",\"datePublished\":\"2019-07-03T09:29:19+00:00\",\"dateModified\":\"2020-11-18T14:45:01+00:00\",\"mainEntityOfPage\":{\"@id\":\"https:\\\/\\\/musapietrasanta.it\\\/en\\\/omaggio-agli-artigiani-2-0-ritratti-di-tommaso-barbieri\\\/\"},\"wordCount\":299,\"publisher\":{\"@id\":\"https:\\\/\\\/musapietrasanta.it\\\/#organization\"},\"image\":{\"@id\":\"https:\\\/\\\/musapietrasanta.it\\\/en\\\/omaggio-agli-artigiani-2-0-ritratti-di-tommaso-barbieri\\\/#primaryimage\"},\"thumbnailUrl\":\"https:\\\/\\\/musapietrasanta.it\\\/wp-content\\\/uploads\\\/2019\\\/06\\\/musa_5-luglio3-1.png\",\"articleSection\":[\"Archivio\"],\"inLanguage\":\"en-US\"},{\"@type\":\"WebPage\",\"@id\":\"https:\\\/\\\/musapietrasanta.it\\\/en\\\/omaggio-agli-artigiani-2-0-ritratti-di-tommaso-barbieri\\\/\",\"url\":\"https:\\\/\\\/musapietrasanta.it\\\/en\\\/omaggio-agli-artigiani-2-0-ritratti-di-tommaso-barbieri\\\/\",\"name\":\"Omaggio agli artigiani 2.0 | Ritratti di Tommaso Barbieri - Museo Virtuale della Scultura e dell&#039;Architettura - Musa\",\"isPartOf\":{\"@id\":\"https:\\\/\\\/musapietrasanta.it\\\/#website\"},\"primaryImageOfPage\":{\"@id\":\"https:\\\/\\\/musapietrasanta.it\\\/en\\\/omaggio-agli-artigiani-2-0-ritratti-di-tommaso-barbieri\\\/#primaryimage\"},\"image\":{\"@id\":\"https:\\\/\\\/musapietrasanta.it\\\/en\\\/omaggio-agli-artigiani-2-0-ritratti-di-tommaso-barbieri\\\/#primaryimage\"},\"thumbnailUrl\":\"https:\\\/\\\/musapietrasanta.it\\\/wp-content\\\/uploads\\\/2019\\\/06\\\/musa_5-luglio3-1.png\",\"datePublished\":\"2019-07-03T09:29:19+00:00\",\"dateModified\":\"2020-11-18T14:45:01+00:00\",\"description\":\"Si rende omaggio all'artigianato - artistico locale: quello che meglio rappresenta il territorio che ci ospita e che rende Pietrasanta perla ed eccellenza\",\"breadcrumb\":{\"@id\":\"https:\\\/\\\/musapietrasanta.it\\\/en\\\/omaggio-agli-artigiani-2-0-ritratti-di-tommaso-barbieri\\\/#breadcrumb\"},\"inLanguage\":\"en-US\",\"potentialAction\":[{\"@type\":\"ReadAction\",\"target\":[\"https:\\\/\\\/musapietrasanta.it\\\/en\\\/omaggio-agli-artigiani-2-0-ritratti-di-tommaso-barbieri\\\/\"]}]},{\"@type\":\"ImageObject\",\"inLanguage\":\"en-US\",\"@id\":\"https:\\\/\\\/musapietrasanta.it\\\/en\\\/omaggio-agli-artigiani-2-0-ritratti-di-tommaso-barbieri\\\/#primaryimage\",\"url\":\"https:\\\/\\\/musapietrasanta.it\\\/wp-content\\\/uploads\\\/2019\\\/06\\\/musa_5-luglio3-1.png\",\"contentUrl\":\"https:\\\/\\\/musapietrasanta.it\\\/wp-content\\\/uploads\\\/2019\\\/06\\\/musa_5-luglio3-1.png\",\"width\":550,\"height\":432},{\"@type\":\"BreadcrumbList\",\"@id\":\"https:\\\/\\\/musapietrasanta.it\\\/en\\\/omaggio-agli-artigiani-2-0-ritratti-di-tommaso-barbieri\\\/#breadcrumb\",\"itemListElement\":[{\"@type\":\"ListItem\",\"position\":1,\"name\":\"Home\",\"item\":\"https:\\\/\\\/musapietrasanta.it\\\/en\\\/\"},{\"@type\":\"ListItem\",\"position\":2,\"name\":\"Omaggio agli artigiani 2.0 | Ritratti di Tommaso Barbieri\"}]},{\"@type\":\"WebSite\",\"@id\":\"https:\\\/\\\/musapietrasanta.it\\\/#website\",\"url\":\"https:\\\/\\\/musapietrasanta.it\\\/\",\"name\":\"Museo Virtuale della Scultura e dell&#039;Architettura - Musa\",\"description\":\"Uno spazio dedicato alla promozione del territorio e delle sue eccellenze produttive.\",\"publisher\":{\"@id\":\"https:\\\/\\\/musapietrasanta.it\\\/#organization\"},\"potentialAction\":[{\"@type\":\"SearchAction\",\"target\":{\"@type\":\"EntryPoint\",\"urlTemplate\":\"https:\\\/\\\/musapietrasanta.it\\\/?s={search_term_string}\"},\"query-input\":{\"@type\":\"PropertyValueSpecification\",\"valueRequired\":true,\"valueName\":\"search_term_string\"}}],\"inLanguage\":\"en-US\"},{\"@type\":\"Organization\",\"@id\":\"https:\\\/\\\/musapietrasanta.it\\\/#organization\",\"name\":\"Musa Pietrasanta\",\"url\":\"https:\\\/\\\/musapietrasanta.it\\\/\",\"logo\":{\"@type\":\"ImageObject\",\"inLanguage\":\"en-US\",\"@id\":\"https:\\\/\\\/musapietrasanta.it\\\/#\\\/schema\\\/logo\\\/image\\\/\",\"url\":\"https:\\\/\\\/www.musapietrasanta.it\\\/wp-content\\\/uploads\\\/2016\\\/09\\\/logo-quadrato.jpg\",\"contentUrl\":\"https:\\\/\\\/www.musapietrasanta.it\\\/wp-content\\\/uploads\\\/2016\\\/09\\\/logo-quadrato.jpg\",\"width\":900,\"height\":900,\"caption\":\"Musa Pietrasanta\"},\"image\":{\"@id\":\"https:\\\/\\\/musapietrasanta.it\\\/#\\\/schema\\\/logo\\\/image\\\/\"},\"sameAs\":[\"https:\\\/\\\/www.facebook.com\\\/musa.pietrasanta\",\"https:\\\/\\\/www.instagram.com\\\/musapietrasanta\\\/\",\"https:\\\/\\\/it.pinterest.com\\\/musapietrasanta\\\/\",\"https:\\\/\\\/www.youtube.com\\\/user\\\/musapietrasanta\"]},{\"@type\":\"Person\",\"@id\":\"https:\\\/\\\/musapietrasanta.it\\\/#\\\/schema\\\/person\\\/1ce9ed822aa8d6f01d8db056f77242ba\",\"name\":\"Michele Cerreta\"}]}<\/script>\n<!-- \/ Yoast SEO plugin. -->","yoast_head_json":{"title":"Omaggio agli artigiani 2.0 | Ritratti di Tommaso Barbieri - Museo Virtuale della Scultura e dell&#039;Architettura - Musa","description":"Si rende omaggio all'artigianato - artistico locale: quello che meglio rappresenta il territorio che ci ospita e che rende Pietrasanta perla ed eccellenza","robots":{"index":"index","follow":"follow","max-snippet":"max-snippet:-1","max-image-preview":"max-image-preview:large","max-video-preview":"max-video-preview:-1"},"canonical":"https:\/\/musapietrasanta.it\/en\/omaggio-agli-artigiani-2-0-ritratti-di-tommaso-barbieri\/","og_locale":"en_US","og_type":"article","og_title":"Omaggio agli artigiani 2.0 | Ritratti di Tommaso Barbieri - Museo Virtuale della Scultura e dell&#039;Architettura - Musa","og_description":"Si rende omaggio all'artigianato - artistico locale: quello che meglio rappresenta il territorio che ci ospita e che rende Pietrasanta perla ed eccellenza","og_url":"https:\/\/musapietrasanta.it\/en\/omaggio-agli-artigiani-2-0-ritratti-di-tommaso-barbieri\/","og_site_name":"Museo Virtuale della Scultura e dell&#039;Architettura - Musa","article_publisher":"https:\/\/www.facebook.com\/musa.pietrasanta","article_published_time":"2019-07-03T09:29:19+00:00","article_modified_time":"2020-11-18T14:45:01+00:00","og_image":[{"width":550,"height":432,"url":"https:\/\/musapietrasanta.it\/wp-content\/uploads\/2019\/06\/musa_5-luglio3-1.png","type":"image\/png"}],"author":"Michele Cerreta","twitter_card":"summary_large_image","twitter_misc":{"Written by":"Michele Cerreta","Est. reading time":"1 minute"},"schema":{"@context":"https:\/\/schema.org","@graph":[{"@type":"Article","@id":"https:\/\/musapietrasanta.it\/en\/omaggio-agli-artigiani-2-0-ritratti-di-tommaso-barbieri\/#article","isPartOf":{"@id":"https:\/\/musapietrasanta.it\/en\/omaggio-agli-artigiani-2-0-ritratti-di-tommaso-barbieri\/"},"author":{"name":"Michele Cerreta","@id":"https:\/\/musapietrasanta.it\/#\/schema\/person\/1ce9ed822aa8d6f01d8db056f77242ba"},"headline":"Omaggio agli artigiani 2.0 | Ritratti di Tommaso Barbieri","datePublished":"2019-07-03T09:29:19+00:00","dateModified":"2020-11-18T14:45:01+00:00","mainEntityOfPage":{"@id":"https:\/\/musapietrasanta.it\/en\/omaggio-agli-artigiani-2-0-ritratti-di-tommaso-barbieri\/"},"wordCount":299,"publisher":{"@id":"https:\/\/musapietrasanta.it\/#organization"},"image":{"@id":"https:\/\/musapietrasanta.it\/en\/omaggio-agli-artigiani-2-0-ritratti-di-tommaso-barbieri\/#primaryimage"},"thumbnailUrl":"https:\/\/musapietrasanta.it\/wp-content\/uploads\/2019\/06\/musa_5-luglio3-1.png","articleSection":["Archivio"],"inLanguage":"en-US"},{"@type":"WebPage","@id":"https:\/\/musapietrasanta.it\/en\/omaggio-agli-artigiani-2-0-ritratti-di-tommaso-barbieri\/","url":"https:\/\/musapietrasanta.it\/en\/omaggio-agli-artigiani-2-0-ritratti-di-tommaso-barbieri\/","name":"Omaggio agli artigiani 2.0 | Ritratti di Tommaso Barbieri - Museo Virtuale della Scultura e dell&#039;Architettura - Musa","isPartOf":{"@id":"https:\/\/musapietrasanta.it\/#website"},"primaryImageOfPage":{"@id":"https:\/\/musapietrasanta.it\/en\/omaggio-agli-artigiani-2-0-ritratti-di-tommaso-barbieri\/#primaryimage"},"image":{"@id":"https:\/\/musapietrasanta.it\/en\/omaggio-agli-artigiani-2-0-ritratti-di-tommaso-barbieri\/#primaryimage"},"thumbnailUrl":"https:\/\/musapietrasanta.it\/wp-content\/uploads\/2019\/06\/musa_5-luglio3-1.png","datePublished":"2019-07-03T09:29:19+00:00","dateModified":"2020-11-18T14:45:01+00:00","description":"Si rende omaggio all'artigianato - artistico locale: quello che meglio rappresenta il territorio che ci ospita e che rende Pietrasanta perla ed eccellenza","breadcrumb":{"@id":"https:\/\/musapietrasanta.it\/en\/omaggio-agli-artigiani-2-0-ritratti-di-tommaso-barbieri\/#breadcrumb"},"inLanguage":"en-US","potentialAction":[{"@type":"ReadAction","target":["https:\/\/musapietrasanta.it\/en\/omaggio-agli-artigiani-2-0-ritratti-di-tommaso-barbieri\/"]}]},{"@type":"ImageObject","inLanguage":"en-US","@id":"https:\/\/musapietrasanta.it\/en\/omaggio-agli-artigiani-2-0-ritratti-di-tommaso-barbieri\/#primaryimage","url":"https:\/\/musapietrasanta.it\/wp-content\/uploads\/2019\/06\/musa_5-luglio3-1.png","contentUrl":"https:\/\/musapietrasanta.it\/wp-content\/uploads\/2019\/06\/musa_5-luglio3-1.png","width":550,"height":432},{"@type":"BreadcrumbList","@id":"https:\/\/musapietrasanta.it\/en\/omaggio-agli-artigiani-2-0-ritratti-di-tommaso-barbieri\/#breadcrumb","itemListElement":[{"@type":"ListItem","position":1,"name":"Home","item":"https:\/\/musapietrasanta.it\/en\/"},{"@type":"ListItem","position":2,"name":"Omaggio agli artigiani 2.0 | Ritratti di Tommaso Barbieri"}]},{"@type":"WebSite","@id":"https:\/\/musapietrasanta.it\/#website","url":"https:\/\/musapietrasanta.it\/","name":"Museo Virtuale della Scultura e dell&#039;Architettura - Musa","description":"Uno spazio dedicato alla promozione del territorio e delle sue eccellenze produttive.","publisher":{"@id":"https:\/\/musapietrasanta.it\/#organization"},"potentialAction":[{"@type":"SearchAction","target":{"@type":"EntryPoint","urlTemplate":"https:\/\/musapietrasanta.it\/?s={search_term_string}"},"query-input":{"@type":"PropertyValueSpecification","valueRequired":true,"valueName":"search_term_string"}}],"inLanguage":"en-US"},{"@type":"Organization","@id":"https:\/\/musapietrasanta.it\/#organization","name":"Musa Pietrasanta","url":"https:\/\/musapietrasanta.it\/","logo":{"@type":"ImageObject","inLanguage":"en-US","@id":"https:\/\/musapietrasanta.it\/#\/schema\/logo\/image\/","url":"https:\/\/www.musapietrasanta.it\/wp-content\/uploads\/2016\/09\/logo-quadrato.jpg","contentUrl":"https:\/\/www.musapietrasanta.it\/wp-content\/uploads\/2016\/09\/logo-quadrato.jpg","width":900,"height":900,"caption":"Musa Pietrasanta"},"image":{"@id":"https:\/\/musapietrasanta.it\/#\/schema\/logo\/image\/"},"sameAs":["https:\/\/www.facebook.com\/musa.pietrasanta","https:\/\/www.instagram.com\/musapietrasanta\/","https:\/\/it.pinterest.com\/musapietrasanta\/","https:\/\/www.youtube.com\/user\/musapietrasanta"]},{"@type":"Person","@id":"https:\/\/musapietrasanta.it\/#\/schema\/person\/1ce9ed822aa8d6f01d8db056f77242ba","name":"Michele Cerreta"}]}},"_links":{"self":[{"href":"https:\/\/musapietrasanta.it\/en\/wp-json\/wp\/v2\/posts\/26461","targetHints":{"allow":["GET"]}}],"collection":[{"href":"https:\/\/musapietrasanta.it\/en\/wp-json\/wp\/v2\/posts"}],"about":[{"href":"https:\/\/musapietrasanta.it\/en\/wp-json\/wp\/v2\/types\/post"}],"author":[{"embeddable":true,"href":"https:\/\/musapietrasanta.it\/en\/wp-json\/wp\/v2\/users\/5"}],"replies":[{"embeddable":true,"href":"https:\/\/musapietrasanta.it\/en\/wp-json\/wp\/v2\/comments?post=26461"}],"version-history":[{"count":9,"href":"https:\/\/musapietrasanta.it\/en\/wp-json\/wp\/v2\/posts\/26461\/revisions"}],"predecessor-version":[{"id":29902,"href":"https:\/\/musapietrasanta.it\/en\/wp-json\/wp\/v2\/posts\/26461\/revisions\/29902"}],"wp:featuredmedia":[{"embeddable":true,"href":"https:\/\/musapietrasanta.it\/en\/wp-json\/wp\/v2\/media\/26518"}],"wp:attachment":[{"href":"https:\/\/musapietrasanta.it\/en\/wp-json\/wp\/v2\/media?parent=26461"}],"wp:term":[{"taxonomy":"category","embeddable":true,"href":"https:\/\/musapietrasanta.it\/en\/wp-json\/wp\/v2\/categories?post=26461"},{"taxonomy":"post_tag","embeddable":true,"href":"https:\/\/musapietrasanta.it\/en\/wp-json\/wp\/v2\/tags?post=26461"}],"curies":[{"name":"wp","href":"https:\/\/api.w.org\/{rel}","templated":true}]}}