{"id":17037,"date":"2018-07-01T12:48:54","date_gmt":"2018-07-01T10:48:54","guid":{"rendered":"https:\/\/www.musapietrasanta.it\/?p=17037"},"modified":"2020-11-26T15:36:29","modified_gmt":"2020-11-26T14:36:29","slug":"conversazione-con-lartista-daphne-du-barry","status":"publish","type":"post","link":"https:\/\/musapietrasanta.it\/en\/conversazione-con-lartista-daphne-du-barry\/","title":{"rendered":"Conversazione con l&#8217;artista Daphn\u00e9 Du Barry"},"content":{"rendered":"<p>Proseguono al MuSA gli appuntamenti con gli artisti che vivono e lavorano a Pietrasanta. Venerd\u00ec 13 luglio a partire dalle 18:30 sar\u00e0 la volta dell&#8217;artista di fama internazionale e musa di\u00a0Salvador Dal\u00ed,\u00a0Daphn\u00e9 Du Barry.<\/p>\n<p>Nel corso dell&#8217;incontro l&#8217;artista si racconter\u00e0 attraverso aneddoti ed esperienze legate alla propria carriera artistica. Interagir\u00e0 con il pubblico per raccontare la propria visione del mondo dell&#8217;arte.<\/p>\n<p>Faranno da cornice immagini e video riprodotti sui grandi schermi MuSA che ripercorrono gli anni lavorativi, i successi e le opere prodotte. In sala MuSA per l&#8217;occasione verr\u00e0 allestita una piccola mostra.<\/p>\n<p>Al termine della conversazione serviremo un aperitivo.<\/p>\n<p>INGRESSO GRATUITO<\/p>\n<p><em><strong>Daphn\u00e9 Du Barry<br \/>\n<\/strong><\/em>Olandese, classe 1950, Daphn\u00e9 Du Barry parla gi\u00e0 correntemente sette lingue quando si iscrive alla Sorbona a Parigi, dove studia per tre anni letteratura moderna. Dopo aver frequentato i corsi di musica e canto al Conservatorio di Parigi, intraprende anche una breve carriera di cantante in Francia (che la porta in cima alla hit parade nell\u2019estate 1982). Viene introdotta nel mondo dell\u2019arte da Salvador Dal\u00ec, per il quale posa come modella nel suo studio di Cadaques in Spagna. A casa sua conosce, nel 1971, il giornalista e critico d\u2019arte Jean-Claude Du Barry, che diventa suo marito. Dopo cinque anni di studio alla scuola del maestro ungherese Aksos Szabo, che le insegna le tecniche del disegno, diventa allieva di Marcello Tommasi a Firenze, uno dei pi\u00f9 grandi maestri di scultura figurativa in Italia, dal quale riceve una formazione rigorosamente classica. Nello stesso periodo frequenta l\u2019Accademia delle Belle Arti di Firenze. Legata allo stile classico, Daphn\u00e9 Du Barry espone in tutto il mondo e sorprende per l\u2019ampia variet\u00e0 di temi che tratta, mantenendo nel tempo uno stile uniforme in cui si riconosce l\u2019armonia dei corpi e il culto per le belle proporzioni.<\/p>\n\n\t\t<style type=\"text\/css\">\n\t\t\t#gallery-1 {\n\t\t\t\tmargin: auto;\n\t\t\t}\n\t\t\t#gallery-1 .gallery-item {\n\t\t\t\tfloat: left;\n\t\t\t\tmargin-top: 10px;\n\t\t\t\ttext-align: center;\n\t\t\t\twidth: 14%;\n\t\t\t}\n\t\t\t#gallery-1 img {\n\t\t\t\tborder: 2px solid #cfcfcf;\n\t\t\t}\n\t\t\t#gallery-1 .gallery-caption {\n\t\t\t\tmargin-left: 0;\n\t\t\t}\n\t\t\t\/* see gallery_shortcode() in wp-includes\/media.php *\/\n\t\t<\/style>\n\t\t<div id='gallery-1' class='gallery galleryid-17037 gallery-columns-7 gallery-size-thumbnail'><dl class='gallery-item'>\n\t\t\t<dt class='gallery-icon landscape'>\n\t\t\t\t<a href='https:\/\/musapietrasanta.it\/en\/004_4-2\/'><img loading=\"lazy\" decoding=\"async\" width=\"150\" height=\"150\" src=\"https:\/\/musapietrasanta.it\/wp-content\/uploads\/2018\/07\/004_4-150x150.jpg\" class=\"attachment-thumbnail size-thumbnail\" alt=\"\" itemprop=\"image\" \/><\/a>\n\t\t\t<\/dt><\/dl><dl class='gallery-item'>\n\t\t\t<dt class='gallery-icon portrait'>\n\t\t\t\t<a href='https:\/\/musapietrasanta.it\/en\/048_48-2\/'><img loading=\"lazy\" decoding=\"async\" width=\"150\" height=\"150\" src=\"https:\/\/musapietrasanta.it\/wp-content\/uploads\/2018\/07\/048_48-150x150.jpg\" class=\"attachment-thumbnail size-thumbnail\" alt=\"\" itemprop=\"image\" \/><\/a>\n\t\t\t<\/dt><\/dl><dl class='gallery-item'>\n\t\t\t<dt class='gallery-icon portrait'>\n\t\t\t\t<a href='https:\/\/musapietrasanta.it\/en\/046_46-2\/'><img loading=\"lazy\" decoding=\"async\" width=\"150\" height=\"150\" src=\"https:\/\/musapietrasanta.it\/wp-content\/uploads\/2018\/07\/046_46-150x150.jpg\" class=\"attachment-thumbnail size-thumbnail\" alt=\"\" itemprop=\"image\" \/><\/a>\n\t\t\t<\/dt><\/dl><dl class='gallery-item'>\n\t\t\t<dt class='gallery-icon landscape'>\n\t\t\t\t<a href='https:\/\/musapietrasanta.it\/en\/038_38-2\/'><img loading=\"lazy\" decoding=\"async\" width=\"150\" height=\"150\" src=\"https:\/\/musapietrasanta.it\/wp-content\/uploads\/2018\/07\/038_38-150x150.jpg\" class=\"attachment-thumbnail size-thumbnail\" alt=\"\" itemprop=\"image\" \/><\/a>\n\t\t\t<\/dt><\/dl><dl class='gallery-item'>\n\t\t\t<dt class='gallery-icon portrait'>\n\t\t\t\t<a href='https:\/\/musapietrasanta.it\/en\/032_32-2\/'><img loading=\"lazy\" decoding=\"async\" width=\"150\" height=\"150\" src=\"https:\/\/musapietrasanta.it\/wp-content\/uploads\/2018\/07\/032_32-150x150.jpg\" class=\"attachment-thumbnail size-thumbnail\" alt=\"\" itemprop=\"image\" \/><\/a>\n\t\t\t<\/dt><\/dl><dl class='gallery-item'>\n\t\t\t<dt class='gallery-icon landscape'>\n\t\t\t\t<a href='https:\/\/musapietrasanta.it\/en\/027_27-copia-2\/'><img loading=\"lazy\" decoding=\"async\" width=\"150\" height=\"150\" src=\"https:\/\/musapietrasanta.it\/wp-content\/uploads\/2018\/07\/027_27-copia-150x150.jpg\" class=\"attachment-thumbnail size-thumbnail\" alt=\"\" itemprop=\"image\" \/><\/a>\n\t\t\t<\/dt><\/dl><dl class='gallery-item'>\n\t\t\t<dt class='gallery-icon portrait'>\n\t\t\t\t<a href='https:\/\/musapietrasanta.it\/en\/019_19-2\/'><img loading=\"lazy\" decoding=\"async\" width=\"150\" height=\"150\" src=\"https:\/\/musapietrasanta.it\/wp-content\/uploads\/2018\/07\/019_19-150x150.jpg\" class=\"attachment-thumbnail size-thumbnail\" alt=\"\" itemprop=\"image\" \/><\/a>\n\t\t\t<\/dt><\/dl><br style=\"clear: both\" \/>\n\t\t<\/div>\n\n<p>&nbsp;<\/p>\n<p>CALENDARIO completo:<\/p>\n<p>15 GIUGNO | Renzo Maggi<br \/>\n29 GIUGNO | Anna Chromy<br \/>\n13 LUGLIO | Daphn\u00e9 Du Barry<br \/>\n3 AGOSTO | Philippe Delenseigne<br \/>\n24 AGOSTO | Claudio Capotondi<\/p>\n<p>&nbsp;<\/p>\n<p><em><strong>Galleria fotografica<\/strong><\/em><\/p>\n\n\t\t<style type=\"text\/css\">\n\t\t\t#gallery-2 {\n\t\t\t\tmargin: auto;\n\t\t\t}\n\t\t\t#gallery-2 .gallery-item {\n\t\t\t\tfloat: left;\n\t\t\t\tmargin-top: 10px;\n\t\t\t\ttext-align: center;\n\t\t\t\twidth: 14%;\n\t\t\t}\n\t\t\t#gallery-2 img {\n\t\t\t\tborder: 2px solid #cfcfcf;\n\t\t\t}\n\t\t\t#gallery-2 .gallery-caption {\n\t\t\t\tmargin-left: 0;\n\t\t\t}\n\t\t\t\/* see gallery_shortcode() in wp-includes\/media.php *\/\n\t\t<\/style>\n\t\t<div id='gallery-2' class='gallery galleryid-17037 gallery-columns-7 gallery-size-thumbnail'><dl class='gallery-item'>\n\t\t\t<dt class='gallery-icon landscape'>\n\t\t\t\t<a href='https:\/\/musapietrasanta.it\/en\/img_1065-2\/'><img loading=\"lazy\" decoding=\"async\" width=\"150\" height=\"150\" src=\"https:\/\/musapietrasanta.it\/wp-content\/uploads\/2018\/07\/img_1065-150x150.jpg\" class=\"attachment-thumbnail size-thumbnail\" alt=\"\" itemprop=\"image\" \/><\/a>\n\t\t\t<\/dt><\/dl><dl class='gallery-item'>\n\t\t\t<dt class='gallery-icon landscape'>\n\t\t\t\t<a href='https:\/\/musapietrasanta.it\/en\/img_3302-2\/'><img loading=\"lazy\" decoding=\"async\" width=\"150\" height=\"150\" src=\"https:\/\/musapietrasanta.it\/wp-content\/uploads\/2018\/07\/img_3302-150x150.jpg\" class=\"attachment-thumbnail size-thumbnail\" alt=\"\" itemprop=\"image\" \/><\/a>\n\t\t\t<\/dt><\/dl><dl class='gallery-item'>\n\t\t\t<dt class='gallery-icon landscape'>\n\t\t\t\t<a href='https:\/\/musapietrasanta.it\/en\/img_3286-2\/'><img loading=\"lazy\" decoding=\"async\" width=\"150\" height=\"150\" src=\"https:\/\/musapietrasanta.it\/wp-content\/uploads\/2018\/07\/img_3286-150x150.jpg\" class=\"attachment-thumbnail size-thumbnail\" alt=\"\" itemprop=\"image\" \/><\/a>\n\t\t\t<\/dt><\/dl><dl class='gallery-item'>\n\t\t\t<dt class='gallery-icon landscape'>\n\t\t\t\t<a href='https:\/\/musapietrasanta.it\/en\/img_3279-2\/'><img loading=\"lazy\" decoding=\"async\" width=\"150\" height=\"150\" src=\"https:\/\/musapietrasanta.it\/wp-content\/uploads\/2018\/07\/img_3279-150x150.jpg\" class=\"attachment-thumbnail size-thumbnail\" alt=\"\" itemprop=\"image\" \/><\/a>\n\t\t\t<\/dt><\/dl><dl class='gallery-item'>\n\t\t\t<dt class='gallery-icon landscape'>\n\t\t\t\t<a href='https:\/\/musapietrasanta.it\/en\/img_3269-2\/'><img loading=\"lazy\" decoding=\"async\" width=\"150\" height=\"150\" src=\"https:\/\/musapietrasanta.it\/wp-content\/uploads\/2018\/07\/img_3269-150x150.jpg\" class=\"attachment-thumbnail size-thumbnail\" alt=\"\" itemprop=\"image\" \/><\/a>\n\t\t\t<\/dt><\/dl><dl class='gallery-item'>\n\t\t\t<dt class='gallery-icon portrait'>\n\t\t\t\t<a href='https:\/\/musapietrasanta.it\/en\/img_3260-2\/'><img loading=\"lazy\" decoding=\"async\" width=\"150\" height=\"150\" src=\"https:\/\/musapietrasanta.it\/wp-content\/uploads\/2018\/07\/img_3260-150x150.jpg\" class=\"attachment-thumbnail size-thumbnail\" alt=\"\" itemprop=\"image\" \/><\/a>\n\t\t\t<\/dt><\/dl><dl class='gallery-item'>\n\t\t\t<dt class='gallery-icon portrait'>\n\t\t\t\t<a href='https:\/\/musapietrasanta.it\/en\/img_3258-2\/'><img loading=\"lazy\" decoding=\"async\" width=\"150\" height=\"150\" src=\"https:\/\/musapietrasanta.it\/wp-content\/uploads\/2018\/07\/img_3258-150x150.jpg\" class=\"attachment-thumbnail size-thumbnail\" alt=\"\" itemprop=\"image\" \/><\/a>\n\t\t\t<\/dt><\/dl><br style=\"clear: both\" \/><dl class='gallery-item'>\n\t\t\t<dt class='gallery-icon landscape'>\n\t\t\t\t<a href='https:\/\/musapietrasanta.it\/en\/img_1084-2\/'><img loading=\"lazy\" decoding=\"async\" width=\"150\" height=\"150\" src=\"https:\/\/musapietrasanta.it\/wp-content\/uploads\/2018\/07\/img_1084-150x150.jpg\" class=\"attachment-thumbnail size-thumbnail\" alt=\"\" itemprop=\"image\" \/><\/a>\n\t\t\t<\/dt><\/dl><dl class='gallery-item'>\n\t\t\t<dt class='gallery-icon landscape'>\n\t\t\t\t<a href='https:\/\/musapietrasanta.it\/en\/img-20180713-wa0015-2\/'><img loading=\"lazy\" decoding=\"async\" width=\"150\" height=\"150\" src=\"https:\/\/musapietrasanta.it\/wp-content\/uploads\/2018\/07\/img-20180713-wa0015-150x150.jpg\" class=\"attachment-thumbnail size-thumbnail\" alt=\"\" itemprop=\"image\" \/><\/a>\n\t\t\t<\/dt><\/dl><dl class='gallery-item'>\n\t\t\t<dt class='gallery-icon landscape'>\n\t\t\t\t<a href='https:\/\/musapietrasanta.it\/en\/img_1076-2\/'><img loading=\"lazy\" decoding=\"async\" width=\"150\" height=\"150\" src=\"https:\/\/musapietrasanta.it\/wp-content\/uploads\/2018\/07\/img_1076-150x150.jpg\" class=\"attachment-thumbnail size-thumbnail\" alt=\"\" itemprop=\"image\" \/><\/a>\n\t\t\t<\/dt><\/dl><dl class='gallery-item'>\n\t\t\t<dt class='gallery-icon landscape'>\n\t\t\t\t<a href='https:\/\/musapietrasanta.it\/en\/img_1072-2\/'><img loading=\"lazy\" decoding=\"async\" width=\"150\" height=\"150\" src=\"https:\/\/musapietrasanta.it\/wp-content\/uploads\/2018\/07\/img_1072-150x150.jpg\" class=\"attachment-thumbnail size-thumbnail\" alt=\"\" itemprop=\"image\" \/><\/a>\n\t\t\t<\/dt><\/dl><dl class='gallery-item'>\n\t\t\t<dt class='gallery-icon portrait'>\n\t\t\t\t<a href='https:\/\/musapietrasanta.it\/en\/img_1060-2\/'><img loading=\"lazy\" decoding=\"async\" width=\"150\" height=\"150\" src=\"https:\/\/musapietrasanta.it\/wp-content\/uploads\/2018\/07\/img_1060-150x150.jpg\" class=\"attachment-thumbnail size-thumbnail\" alt=\"\" itemprop=\"image\" \/><\/a>\n\t\t\t<\/dt><\/dl><dl class='gallery-item'>\n\t\t\t<dt class='gallery-icon landscape'>\n\t\t\t\t<a href='https:\/\/musapietrasanta.it\/en\/img_1057-2\/'><img loading=\"lazy\" decoding=\"async\" width=\"150\" height=\"150\" src=\"https:\/\/musapietrasanta.it\/wp-content\/uploads\/2018\/07\/img_1057-150x150.jpg\" class=\"attachment-thumbnail size-thumbnail\" alt=\"\" itemprop=\"image\" \/><\/a>\n\t\t\t<\/dt><\/dl><dl class='gallery-item'>\n\t\t\t<dt class='gallery-icon portrait'>\n\t\t\t\t<a href='https:\/\/musapietrasanta.it\/en\/img_1054-2\/'><img loading=\"lazy\" decoding=\"async\" width=\"150\" height=\"150\" src=\"https:\/\/musapietrasanta.it\/wp-content\/uploads\/2018\/07\/img_1054-150x150.jpg\" class=\"attachment-thumbnail size-thumbnail\" alt=\"\" itemprop=\"image\" \/><\/a>\n\t\t\t<\/dt><\/dl><br style=\"clear: both\" \/><dl class='gallery-item'>\n\t\t\t<dt class='gallery-icon landscape'>\n\t\t\t\t<a href='https:\/\/musapietrasanta.it\/en\/img-20180713-wa0016-2\/'><img loading=\"lazy\" decoding=\"async\" width=\"150\" height=\"150\" src=\"https:\/\/musapietrasanta.it\/wp-content\/uploads\/2018\/07\/img-20180713-wa0016-150x150.jpg\" class=\"attachment-thumbnail size-thumbnail\" alt=\"\" itemprop=\"image\" \/><\/a>\n\t\t\t<\/dt><\/dl><dl class='gallery-item'>\n\t\t\t<dt class='gallery-icon landscape'>\n\t\t\t\t<a href='https:\/\/musapietrasanta.it\/en\/img_1040-2\/'><img loading=\"lazy\" decoding=\"async\" width=\"150\" height=\"150\" src=\"https:\/\/musapietrasanta.it\/wp-content\/uploads\/2018\/07\/img_1040-150x150.jpg\" class=\"attachment-thumbnail size-thumbnail\" alt=\"\" itemprop=\"image\" \/><\/a>\n\t\t\t<\/dt><\/dl><dl class='gallery-item'>\n\t\t\t<dt class='gallery-icon landscape'>\n\t\t\t\t<a href='https:\/\/musapietrasanta.it\/en\/img_3276-2\/'><img loading=\"lazy\" decoding=\"async\" width=\"150\" height=\"150\" src=\"https:\/\/musapietrasanta.it\/wp-content\/uploads\/2018\/07\/img_3276-150x150.jpg\" class=\"attachment-thumbnail size-thumbnail\" alt=\"\" itemprop=\"image\" \/><\/a>\n\t\t\t<\/dt><\/dl><dl class='gallery-item'>\n\t\t\t<dt class='gallery-icon landscape'>\n\t\t\t\t<a href='https:\/\/musapietrasanta.it\/en\/img_1086-2\/'><img loading=\"lazy\" decoding=\"async\" width=\"150\" height=\"150\" src=\"https:\/\/musapietrasanta.it\/wp-content\/uploads\/2018\/07\/img_1086-150x150.jpg\" class=\"attachment-thumbnail size-thumbnail\" alt=\"\" itemprop=\"image\" \/><\/a>\n\t\t\t<\/dt><\/dl><dl class='gallery-item'>\n\t\t\t<dt class='gallery-icon landscape'>\n\t\t\t\t<a href='https:\/\/musapietrasanta.it\/en\/img_1080-2\/'><img loading=\"lazy\" decoding=\"async\" width=\"150\" height=\"150\" src=\"https:\/\/musapietrasanta.it\/wp-content\/uploads\/2018\/07\/img_1080-150x150.jpg\" class=\"attachment-thumbnail size-thumbnail\" alt=\"\" itemprop=\"image\" \/><\/a>\n\t\t\t<\/dt><\/dl><dl class='gallery-item'>\n\t\t\t<dt class='gallery-icon portrait'>\n\t\t\t\t<a href='https:\/\/musapietrasanta.it\/en\/img_1074-2\/'><img loading=\"lazy\" decoding=\"async\" width=\"150\" height=\"150\" src=\"https:\/\/musapietrasanta.it\/wp-content\/uploads\/2018\/07\/img_1074-150x150.jpg\" class=\"attachment-thumbnail size-thumbnail\" alt=\"\" itemprop=\"image\" \/><\/a>\n\t\t\t<\/dt><\/dl><dl class='gallery-item'>\n\t\t\t<dt class='gallery-icon landscape'>\n\t\t\t\t<a href='https:\/\/musapietrasanta.it\/en\/img_1088-2\/'><img loading=\"lazy\" decoding=\"async\" width=\"150\" height=\"150\" src=\"https:\/\/musapietrasanta.it\/wp-content\/uploads\/2018\/07\/img_1088-150x150.jpg\" class=\"attachment-thumbnail size-thumbnail\" alt=\"\" itemprop=\"image\" \/><\/a>\n\t\t\t<\/dt><\/dl><br style=\"clear: both\" \/>\n\t\t<\/div>\n\n<p>&nbsp;<\/p>\n<p>&nbsp;<\/p>\n","protected":false},"excerpt":{"rendered":"<p>Proseguono al MuSA gli appuntamenti con gli artisti che vivono e lavorano a Pietrasanta. Venerd\u00ec 13 luglio a partire dalle 18:30 sar\u00e0 la volta dell&#8217;artista di fama internazionale e musa di\u00a0Salvador Dal\u00ed,\u00a0Daphn\u00e9 Du Barry. Nel corso dell&#8217;incontro l&#8217;artista si racconter\u00e0 attraverso aneddoti ed esperienze legate alla propria carriera artistica. Interagir\u00e0 con il pubblico per raccontare [&hellip;]<\/p>\n","protected":false},"author":5,"featured_media":17039,"comment_status":"closed","ping_status":"closed","sticky":false,"template":"","format":"standard","meta":{"rs_blank_template":"","rs_page_bg_color":"#ffffff","slide_template_v7":"","pgc_sgb_lightbox_settings":"","footnotes":""},"categories":[19],"tags":[],"class_list":["post-17037","post","type-post","status-publish","format-standard","has-post-thumbnail","hentry","category-archivio"],"yoast_head":"<!-- This site is optimized with the Yoast SEO plugin v27.4 - https:\/\/yoast.com\/product\/yoast-seo-wordpress\/ -->\n<title>Conversazione con l&#039;artista Daphn\u00e9 Du Barry - Museo Virtuale della Scultura e dell&#039;Architettura - Musa<\/title>\n<meta name=\"description\" content=\"Proseguono al MuSA gli appuntamenti con gli artisti che vivono e lavorano a Pietrasanta. Venerd\u00ec 13 luglio a partire dalle 18:30 sar\u00e0 la volta\" \/>\n<meta name=\"robots\" content=\"index, follow, max-snippet:-1, max-image-preview:large, max-video-preview:-1\" \/>\n<link rel=\"canonical\" href=\"https:\/\/musapietrasanta.it\/en\/conversazione-con-lartista-daphne-du-barry\/\" \/>\n<meta property=\"og:locale\" content=\"en_US\" \/>\n<meta property=\"og:type\" content=\"article\" \/>\n<meta property=\"og:title\" content=\"Conversazione con l&#039;artista Daphn\u00e9 Du Barry - Museo Virtuale della Scultura e dell&#039;Architettura - Musa\" \/>\n<meta property=\"og:description\" content=\"Proseguono al MuSA gli appuntamenti con gli artisti che vivono e lavorano a Pietrasanta. Venerd\u00ec 13 luglio a partire dalle 18:30 sar\u00e0 la volta\" \/>\n<meta property=\"og:url\" content=\"https:\/\/musapietrasanta.it\/en\/conversazione-con-lartista-daphne-du-barry\/\" \/>\n<meta property=\"og:site_name\" content=\"Museo Virtuale della Scultura e dell&#039;Architettura - Musa\" \/>\n<meta property=\"article:publisher\" content=\"https:\/\/www.facebook.com\/musa.pietrasanta\" \/>\n<meta property=\"article:published_time\" content=\"2018-07-01T10:48:54+00:00\" \/>\n<meta property=\"article:modified_time\" content=\"2020-11-26T14:36:29+00:00\" \/>\n<meta property=\"og:image\" content=\"https:\/\/musapietrasanta.it\/wp-content\/uploads\/2018\/07\/daphn-du-barry-ph-ritaglio.jpg\" \/>\n\t<meta property=\"og:image:width\" content=\"575\" \/>\n\t<meta property=\"og:image:height\" content=\"300\" \/>\n\t<meta property=\"og:image:type\" content=\"image\/jpeg\" \/>\n<meta name=\"author\" content=\"Michele Cerreta\" \/>\n<meta name=\"twitter:card\" content=\"summary_large_image\" \/>\n<meta name=\"twitter:label1\" content=\"Written by\" \/>\n\t<meta name=\"twitter:data1\" content=\"Michele Cerreta\" \/>\n\t<meta name=\"twitter:label2\" content=\"Est. reading time\" \/>\n\t<meta name=\"twitter:data2\" content=\"2 minutes\" \/>\n<script type=\"application\/ld+json\" class=\"yoast-schema-graph\">{\"@context\":\"https:\\\/\\\/schema.org\",\"@graph\":[{\"@type\":\"Article\",\"@id\":\"https:\\\/\\\/musapietrasanta.it\\\/en\\\/conversazione-con-lartista-daphne-du-barry\\\/#article\",\"isPartOf\":{\"@id\":\"https:\\\/\\\/musapietrasanta.it\\\/en\\\/conversazione-con-lartista-daphne-du-barry\\\/\"},\"author\":{\"name\":\"Michele Cerreta\",\"@id\":\"https:\\\/\\\/musapietrasanta.it\\\/#\\\/schema\\\/person\\\/1ce9ed822aa8d6f01d8db056f77242ba\"},\"headline\":\"Conversazione con l&#8217;artista Daphn\u00e9 Du Barry\",\"datePublished\":\"2018-07-01T10:48:54+00:00\",\"dateModified\":\"2020-11-26T14:36:29+00:00\",\"mainEntityOfPage\":{\"@id\":\"https:\\\/\\\/musapietrasanta.it\\\/en\\\/conversazione-con-lartista-daphne-du-barry\\\/\"},\"wordCount\":337,\"publisher\":{\"@id\":\"https:\\\/\\\/musapietrasanta.it\\\/#organization\"},\"image\":{\"@id\":\"https:\\\/\\\/musapietrasanta.it\\\/en\\\/conversazione-con-lartista-daphne-du-barry\\\/#primaryimage\"},\"thumbnailUrl\":\"https:\\\/\\\/musapietrasanta.it\\\/wp-content\\\/uploads\\\/2018\\\/07\\\/daphn-du-barry-ph-ritaglio.jpg\",\"articleSection\":[\"Archivio\"],\"inLanguage\":\"en-US\"},{\"@type\":\"WebPage\",\"@id\":\"https:\\\/\\\/musapietrasanta.it\\\/en\\\/conversazione-con-lartista-daphne-du-barry\\\/\",\"url\":\"https:\\\/\\\/musapietrasanta.it\\\/en\\\/conversazione-con-lartista-daphne-du-barry\\\/\",\"name\":\"Conversazione con l'artista Daphn\u00e9 Du Barry - Museo Virtuale della Scultura e dell&#039;Architettura - Musa\",\"isPartOf\":{\"@id\":\"https:\\\/\\\/musapietrasanta.it\\\/#website\"},\"primaryImageOfPage\":{\"@id\":\"https:\\\/\\\/musapietrasanta.it\\\/en\\\/conversazione-con-lartista-daphne-du-barry\\\/#primaryimage\"},\"image\":{\"@id\":\"https:\\\/\\\/musapietrasanta.it\\\/en\\\/conversazione-con-lartista-daphne-du-barry\\\/#primaryimage\"},\"thumbnailUrl\":\"https:\\\/\\\/musapietrasanta.it\\\/wp-content\\\/uploads\\\/2018\\\/07\\\/daphn-du-barry-ph-ritaglio.jpg\",\"datePublished\":\"2018-07-01T10:48:54+00:00\",\"dateModified\":\"2020-11-26T14:36:29+00:00\",\"description\":\"Proseguono al MuSA gli appuntamenti con gli artisti che vivono e lavorano a Pietrasanta. Venerd\u00ec 13 luglio a partire dalle 18:30 sar\u00e0 la volta\",\"breadcrumb\":{\"@id\":\"https:\\\/\\\/musapietrasanta.it\\\/en\\\/conversazione-con-lartista-daphne-du-barry\\\/#breadcrumb\"},\"inLanguage\":\"en-US\",\"potentialAction\":[{\"@type\":\"ReadAction\",\"target\":[\"https:\\\/\\\/musapietrasanta.it\\\/en\\\/conversazione-con-lartista-daphne-du-barry\\\/\"]}]},{\"@type\":\"ImageObject\",\"inLanguage\":\"en-US\",\"@id\":\"https:\\\/\\\/musapietrasanta.it\\\/en\\\/conversazione-con-lartista-daphne-du-barry\\\/#primaryimage\",\"url\":\"https:\\\/\\\/musapietrasanta.it\\\/wp-content\\\/uploads\\\/2018\\\/07\\\/daphn-du-barry-ph-ritaglio.jpg\",\"contentUrl\":\"https:\\\/\\\/musapietrasanta.it\\\/wp-content\\\/uploads\\\/2018\\\/07\\\/daphn-du-barry-ph-ritaglio.jpg\",\"width\":575,\"height\":300},{\"@type\":\"BreadcrumbList\",\"@id\":\"https:\\\/\\\/musapietrasanta.it\\\/en\\\/conversazione-con-lartista-daphne-du-barry\\\/#breadcrumb\",\"itemListElement\":[{\"@type\":\"ListItem\",\"position\":1,\"name\":\"Home\",\"item\":\"https:\\\/\\\/musapietrasanta.it\\\/en\\\/\"},{\"@type\":\"ListItem\",\"position\":2,\"name\":\"Conversazione con l&#8217;artista Daphn\u00e9 Du Barry\"}]},{\"@type\":\"WebSite\",\"@id\":\"https:\\\/\\\/musapietrasanta.it\\\/#website\",\"url\":\"https:\\\/\\\/musapietrasanta.it\\\/\",\"name\":\"Museo Virtuale della Scultura e dell&#039;Architettura - Musa\",\"description\":\"Uno spazio dedicato alla promozione del territorio e delle sue eccellenze produttive.\",\"publisher\":{\"@id\":\"https:\\\/\\\/musapietrasanta.it\\\/#organization\"},\"potentialAction\":[{\"@type\":\"SearchAction\",\"target\":{\"@type\":\"EntryPoint\",\"urlTemplate\":\"https:\\\/\\\/musapietrasanta.it\\\/?s={search_term_string}\"},\"query-input\":{\"@type\":\"PropertyValueSpecification\",\"valueRequired\":true,\"valueName\":\"search_term_string\"}}],\"inLanguage\":\"en-US\"},{\"@type\":\"Organization\",\"@id\":\"https:\\\/\\\/musapietrasanta.it\\\/#organization\",\"name\":\"Musa Pietrasanta\",\"url\":\"https:\\\/\\\/musapietrasanta.it\\\/\",\"logo\":{\"@type\":\"ImageObject\",\"inLanguage\":\"en-US\",\"@id\":\"https:\\\/\\\/musapietrasanta.it\\\/#\\\/schema\\\/logo\\\/image\\\/\",\"url\":\"https:\\\/\\\/www.musapietrasanta.it\\\/wp-content\\\/uploads\\\/2016\\\/09\\\/logo-quadrato.jpg\",\"contentUrl\":\"https:\\\/\\\/www.musapietrasanta.it\\\/wp-content\\\/uploads\\\/2016\\\/09\\\/logo-quadrato.jpg\",\"width\":900,\"height\":900,\"caption\":\"Musa Pietrasanta\"},\"image\":{\"@id\":\"https:\\\/\\\/musapietrasanta.it\\\/#\\\/schema\\\/logo\\\/image\\\/\"},\"sameAs\":[\"https:\\\/\\\/www.facebook.com\\\/musa.pietrasanta\",\"https:\\\/\\\/www.instagram.com\\\/musapietrasanta\\\/\",\"https:\\\/\\\/it.pinterest.com\\\/musapietrasanta\\\/\",\"https:\\\/\\\/www.youtube.com\\\/user\\\/musapietrasanta\"]},{\"@type\":\"Person\",\"@id\":\"https:\\\/\\\/musapietrasanta.it\\\/#\\\/schema\\\/person\\\/1ce9ed822aa8d6f01d8db056f77242ba\",\"name\":\"Michele Cerreta\"}]}<\/script>\n<!-- \/ Yoast SEO plugin. -->","yoast_head_json":{"title":"Conversazione con l'artista Daphn\u00e9 Du Barry - Museo Virtuale della Scultura e dell&#039;Architettura - Musa","description":"Proseguono al MuSA gli appuntamenti con gli artisti che vivono e lavorano a Pietrasanta. Venerd\u00ec 13 luglio a partire dalle 18:30 sar\u00e0 la volta","robots":{"index":"index","follow":"follow","max-snippet":"max-snippet:-1","max-image-preview":"max-image-preview:large","max-video-preview":"max-video-preview:-1"},"canonical":"https:\/\/musapietrasanta.it\/en\/conversazione-con-lartista-daphne-du-barry\/","og_locale":"en_US","og_type":"article","og_title":"Conversazione con l'artista Daphn\u00e9 Du Barry - Museo Virtuale della Scultura e dell&#039;Architettura - Musa","og_description":"Proseguono al MuSA gli appuntamenti con gli artisti che vivono e lavorano a Pietrasanta. Venerd\u00ec 13 luglio a partire dalle 18:30 sar\u00e0 la volta","og_url":"https:\/\/musapietrasanta.it\/en\/conversazione-con-lartista-daphne-du-barry\/","og_site_name":"Museo Virtuale della Scultura e dell&#039;Architettura - Musa","article_publisher":"https:\/\/www.facebook.com\/musa.pietrasanta","article_published_time":"2018-07-01T10:48:54+00:00","article_modified_time":"2020-11-26T14:36:29+00:00","og_image":[{"width":575,"height":300,"url":"https:\/\/musapietrasanta.it\/wp-content\/uploads\/2018\/07\/daphn-du-barry-ph-ritaglio.jpg","type":"image\/jpeg"}],"author":"Michele Cerreta","twitter_card":"summary_large_image","twitter_misc":{"Written by":"Michele Cerreta","Est. reading time":"2 minutes"},"schema":{"@context":"https:\/\/schema.org","@graph":[{"@type":"Article","@id":"https:\/\/musapietrasanta.it\/en\/conversazione-con-lartista-daphne-du-barry\/#article","isPartOf":{"@id":"https:\/\/musapietrasanta.it\/en\/conversazione-con-lartista-daphne-du-barry\/"},"author":{"name":"Michele Cerreta","@id":"https:\/\/musapietrasanta.it\/#\/schema\/person\/1ce9ed822aa8d6f01d8db056f77242ba"},"headline":"Conversazione con l&#8217;artista Daphn\u00e9 Du Barry","datePublished":"2018-07-01T10:48:54+00:00","dateModified":"2020-11-26T14:36:29+00:00","mainEntityOfPage":{"@id":"https:\/\/musapietrasanta.it\/en\/conversazione-con-lartista-daphne-du-barry\/"},"wordCount":337,"publisher":{"@id":"https:\/\/musapietrasanta.it\/#organization"},"image":{"@id":"https:\/\/musapietrasanta.it\/en\/conversazione-con-lartista-daphne-du-barry\/#primaryimage"},"thumbnailUrl":"https:\/\/musapietrasanta.it\/wp-content\/uploads\/2018\/07\/daphn-du-barry-ph-ritaglio.jpg","articleSection":["Archivio"],"inLanguage":"en-US"},{"@type":"WebPage","@id":"https:\/\/musapietrasanta.it\/en\/conversazione-con-lartista-daphne-du-barry\/","url":"https:\/\/musapietrasanta.it\/en\/conversazione-con-lartista-daphne-du-barry\/","name":"Conversazione con l'artista Daphn\u00e9 Du Barry - Museo Virtuale della Scultura e dell&#039;Architettura - Musa","isPartOf":{"@id":"https:\/\/musapietrasanta.it\/#website"},"primaryImageOfPage":{"@id":"https:\/\/musapietrasanta.it\/en\/conversazione-con-lartista-daphne-du-barry\/#primaryimage"},"image":{"@id":"https:\/\/musapietrasanta.it\/en\/conversazione-con-lartista-daphne-du-barry\/#primaryimage"},"thumbnailUrl":"https:\/\/musapietrasanta.it\/wp-content\/uploads\/2018\/07\/daphn-du-barry-ph-ritaglio.jpg","datePublished":"2018-07-01T10:48:54+00:00","dateModified":"2020-11-26T14:36:29+00:00","description":"Proseguono al MuSA gli appuntamenti con gli artisti che vivono e lavorano a Pietrasanta. Venerd\u00ec 13 luglio a partire dalle 18:30 sar\u00e0 la volta","breadcrumb":{"@id":"https:\/\/musapietrasanta.it\/en\/conversazione-con-lartista-daphne-du-barry\/#breadcrumb"},"inLanguage":"en-US","potentialAction":[{"@type":"ReadAction","target":["https:\/\/musapietrasanta.it\/en\/conversazione-con-lartista-daphne-du-barry\/"]}]},{"@type":"ImageObject","inLanguage":"en-US","@id":"https:\/\/musapietrasanta.it\/en\/conversazione-con-lartista-daphne-du-barry\/#primaryimage","url":"https:\/\/musapietrasanta.it\/wp-content\/uploads\/2018\/07\/daphn-du-barry-ph-ritaglio.jpg","contentUrl":"https:\/\/musapietrasanta.it\/wp-content\/uploads\/2018\/07\/daphn-du-barry-ph-ritaglio.jpg","width":575,"height":300},{"@type":"BreadcrumbList","@id":"https:\/\/musapietrasanta.it\/en\/conversazione-con-lartista-daphne-du-barry\/#breadcrumb","itemListElement":[{"@type":"ListItem","position":1,"name":"Home","item":"https:\/\/musapietrasanta.it\/en\/"},{"@type":"ListItem","position":2,"name":"Conversazione con l&#8217;artista Daphn\u00e9 Du Barry"}]},{"@type":"WebSite","@id":"https:\/\/musapietrasanta.it\/#website","url":"https:\/\/musapietrasanta.it\/","name":"Museo Virtuale della Scultura e dell&#039;Architettura - Musa","description":"Uno spazio dedicato alla promozione del territorio e delle sue eccellenze produttive.","publisher":{"@id":"https:\/\/musapietrasanta.it\/#organization"},"potentialAction":[{"@type":"SearchAction","target":{"@type":"EntryPoint","urlTemplate":"https:\/\/musapietrasanta.it\/?s={search_term_string}"},"query-input":{"@type":"PropertyValueSpecification","valueRequired":true,"valueName":"search_term_string"}}],"inLanguage":"en-US"},{"@type":"Organization","@id":"https:\/\/musapietrasanta.it\/#organization","name":"Musa Pietrasanta","url":"https:\/\/musapietrasanta.it\/","logo":{"@type":"ImageObject","inLanguage":"en-US","@id":"https:\/\/musapietrasanta.it\/#\/schema\/logo\/image\/","url":"https:\/\/www.musapietrasanta.it\/wp-content\/uploads\/2016\/09\/logo-quadrato.jpg","contentUrl":"https:\/\/www.musapietrasanta.it\/wp-content\/uploads\/2016\/09\/logo-quadrato.jpg","width":900,"height":900,"caption":"Musa Pietrasanta"},"image":{"@id":"https:\/\/musapietrasanta.it\/#\/schema\/logo\/image\/"},"sameAs":["https:\/\/www.facebook.com\/musa.pietrasanta","https:\/\/www.instagram.com\/musapietrasanta\/","https:\/\/it.pinterest.com\/musapietrasanta\/","https:\/\/www.youtube.com\/user\/musapietrasanta"]},{"@type":"Person","@id":"https:\/\/musapietrasanta.it\/#\/schema\/person\/1ce9ed822aa8d6f01d8db056f77242ba","name":"Michele Cerreta"}]}},"_links":{"self":[{"href":"https:\/\/musapietrasanta.it\/en\/wp-json\/wp\/v2\/posts\/17037","targetHints":{"allow":["GET"]}}],"collection":[{"href":"https:\/\/musapietrasanta.it\/en\/wp-json\/wp\/v2\/posts"}],"about":[{"href":"https:\/\/musapietrasanta.it\/en\/wp-json\/wp\/v2\/types\/post"}],"author":[{"embeddable":true,"href":"https:\/\/musapietrasanta.it\/en\/wp-json\/wp\/v2\/users\/5"}],"replies":[{"embeddable":true,"href":"https:\/\/musapietrasanta.it\/en\/wp-json\/wp\/v2\/comments?post=17037"}],"version-history":[{"count":7,"href":"https:\/\/musapietrasanta.it\/en\/wp-json\/wp\/v2\/posts\/17037\/revisions"}],"predecessor-version":[{"id":30214,"href":"https:\/\/musapietrasanta.it\/en\/wp-json\/wp\/v2\/posts\/17037\/revisions\/30214"}],"wp:featuredmedia":[{"embeddable":true,"href":"https:\/\/musapietrasanta.it\/en\/wp-json\/wp\/v2\/media\/17039"}],"wp:attachment":[{"href":"https:\/\/musapietrasanta.it\/en\/wp-json\/wp\/v2\/media?parent=17037"}],"wp:term":[{"taxonomy":"category","embeddable":true,"href":"https:\/\/musapietrasanta.it\/en\/wp-json\/wp\/v2\/categories?post=17037"},{"taxonomy":"post_tag","embeddable":true,"href":"https:\/\/musapietrasanta.it\/en\/wp-json\/wp\/v2\/tags?post=17037"}],"curies":[{"name":"wp","href":"https:\/\/api.w.org\/{rel}","templated":true}]}}